{"id":10342,"date":"2017-12-01T22:39:37","date_gmt":"2017-12-01T22:39:37","guid":{"rendered":"https:\/\/www.doctoragibert.com\/?p=10342"},"modified":"2022-11-16T14:21:08","modified_gmt":"2022-11-16T14:21:08","slug":"aprofita-aquestes-setmanes-de-fred-per-vacunar-te-contra-la-grip-encara-hi-ets-a-temps","status":"publish","type":"post","link":"https:\/\/www.doctoragibert.com\/es\/aprofita-aquestes-setmanes-de-fred-per-vacunar-te-contra-la-grip-encara-hi-ets-a-temps\/","title":{"rendered":"Aprofita aquestes setmanes de fred per vacunar-te contra la grip, encara hi ets a temps"},"content":{"rendered":"<p><img fetchpriority=\"high\" decoding=\"async\" class=\"alignright size-full wp-image-10338\" src=\"https:\/\/www.doctoragibert.com\/wp-content\/uploads\/2017\/12\/Aprofita-aquestes-setmanes-de-fred-per-vacunar-te-contra-la-grip-encara-hi-ets-a-temps.jpg\" alt=\"Aprofita aquestes setmanes de fred per vacunar-te contra la grip, encara hi ets a temps\" width=\"266\" height=\"332\">Ja ha arribat l&#8217;onada de fred, i, amb ella, els refredats i la grip.<\/p>\n<p>Recordau que, a Mallorca, les temperatures baixes es mantendran fins a mitjans de mar\u00e7, la qual cosa \u00e9s un motiu m\u00e9s perqu\u00e8, si est\u00e0s embarassada, ets mare d&#8217;un nin de menys de 6 mesos o et trobes en altres grups de risc et vacunis contra la grip.<\/p>\n<p>Si b\u00e9 <strong>la campanya d&#8217;enguany acaba el 15 de desembre, un es pot vacunar fins i tot m\u00e9s tard<\/strong>, \u00e9s a dir, fins que s&#8217;acabi l&#8217;estoc de vacuna adquirit per la Conselleria. Recordau que la vacuna es torba <strong>unes dues setmanes<\/strong> a induir defenses protectores contra la grip, llavors, aquestes dates s\u00f3n encara un moment ideal per protegir-te a tu i a les persones amb les que convius.<\/p>\n<p>Com els nins de menys de 6 mesos no poden ser vacunats i, a m\u00e9s, si es posen malalts, tenen m\u00e9s riscos que la gent gran, <strong>no est\u00e0 de m\u00e9s que les mares es vacunin<\/strong>. Fins i tot les que donen pit poden vacunar-se, ja que aquesta medicaci\u00f3 no interfereix amb la lact\u00e0ncia.<\/p>\n<p>Si teniu m\u00e9s fills i esteu interessats en con\u00e8ixer els beneficis i indicacions de la vacuna en ells, podeu accedir <a href=\"http:\/\/Http:\/\/enfamilia.aeped.es\/prevencion\/gripe-recomendaciones-vacunacion-2017-2018\" target=\"_blank\" rel=\"noopener\">a aquest vincle<\/a>.<\/p>\n<p>I per acabar, us deix una foto de la meva vacunaci\u00f3, fa uns pocs dies. Com a professional sanitari, crec que \u00e9s important ser coherent amb el que us recomanam i, per tant, evitar en la mesura del possible transmetre malalties contagioses a les nostres pacients mitjan\u00e7ant el rentat freq\u00fcent de mans, l\u2019evitaci\u00f3 de conductes de risc i les vacunacions pertinents.<\/p>\n","protected":false},"excerpt":{"rendered":"<p>Ja ha arribat l&#8217;onada de fred, i, amb ella, els refredats i la grip. Recordau que, a Mallorca, les temperatures baixes es mantendran fins a mitjans de mar\u00e7, la qual cosa \u00e9s un motiu m\u00e9s perqu\u00e8, si est\u00e0s embarassada, ets mare d&#8217;un nin de menys de 6 mesos o et trobes en altres grups de [&hellip;]<\/p>\n","protected":false},"author":12,"featured_media":0,"comment_status":"closed","ping_status":"closed","sticky":false,"template":"","format":"standard","meta":{"footnotes":""},"categories":[91,109,113,117],"tags":[128,123,129,130,131],"class_list":["post-10342","post","type-post","status-publish","format-standard","hentry","category-embarazo-es","category-prevencion","category-sanidad-publica","category-vacunacion","tag-embaras-es","tag-grip-es","tag-lactant-es","tag-mare-es","tag-vacuna-es"],"yoast_head":"<!-- This site is optimized with the Yoast SEO plugin v25.0 - https:\/\/yoast.com\/wordpress\/plugins\/seo\/ -->\n<title>Aprofita aquestes setmanes de fred per vacunar-te contra la grip, encara hi ets a temps - DRA. GIBERT<\/title>\n<meta name=\"robots\" content=\"index, follow, max-snippet:-1, max-image-preview:large, max-video-preview:-1\" \/>\n<link rel=\"canonical\" href=\"https:\/\/www.doctoragibert.com\/es\/aprofita-aquestes-setmanes-de-fred-per-vacunar-te-contra-la-grip-encara-hi-ets-a-temps\/\" \/>\n<meta property=\"og:locale\" content=\"es_ES\" \/>\n<meta property=\"og:type\" content=\"article\" \/>\n<meta property=\"og:title\" content=\"Aprofita aquestes setmanes de fred per vacunar-te contra la grip, encara hi ets a temps - DRA. GIBERT\" \/>\n<meta property=\"og:description\" content=\"Ja ha arribat l&#8217;onada de fred, i, amb ella, els refredats i la grip. Recordau que, a Mallorca, les temperatures baixes es mantendran fins a mitjans de mar\u00e7, la qual cosa \u00e9s un motiu m\u00e9s perqu\u00e8, si est\u00e0s embarassada, ets mare d&#8217;un nin de menys de 6 mesos o et trobes en altres grups de [&hellip;]\" \/>\n<meta property=\"og:url\" content=\"https:\/\/www.doctoragibert.com\/es\/aprofita-aquestes-setmanes-de-fred-per-vacunar-te-contra-la-grip-encara-hi-ets-a-temps\/\" \/>\n<meta property=\"og:site_name\" content=\"DRA. GIBERT\" \/>\n<meta property=\"article:publisher\" content=\"https:\/\/www.facebook.com\/doctoragibert\" \/>\n<meta property=\"article:published_time\" content=\"2017-12-01T22:39:37+00:00\" \/>\n<meta property=\"article:modified_time\" content=\"2022-11-16T14:21:08+00:00\" \/>\n<meta property=\"og:image\" content=\"https:\/\/www.doctoragibert.com\/wp-content\/uploads\/2017\/12\/Aprofita-aquestes-setmanes-de-fred-per-vacunar-te-contra-la-grip-encara-hi-ets-a-temps.jpg\" \/>\n<meta name=\"author\" content=\"Dra. MJ Gibert\" \/>\n<meta name=\"twitter:label1\" content=\"Escrito por\" \/>\n\t<meta name=\"twitter:data1\" content=\"Dra. MJ Gibert\" \/>\n\t<meta name=\"twitter:label2\" content=\"Tiempo de lectura\" \/>\n\t<meta name=\"twitter:data2\" content=\"1 minuto\" \/>\n<script type=\"application\/ld+json\" class=\"yoast-schema-graph\">{\"@context\":\"https:\/\/schema.org\",\"@graph\":[{\"@type\":\"WebPage\",\"@id\":\"https:\/\/www.doctoragibert.com\/es\/aprofita-aquestes-setmanes-de-fred-per-vacunar-te-contra-la-grip-encara-hi-ets-a-temps\/\",\"url\":\"https:\/\/www.doctoragibert.com\/es\/aprofita-aquestes-setmanes-de-fred-per-vacunar-te-contra-la-grip-encara-hi-ets-a-temps\/\",\"name\":\"Aprofita aquestes setmanes de fred per vacunar-te contra la grip, encara hi ets a temps - DRA. GIBERT\",\"isPartOf\":{\"@id\":\"https:\/\/www.doctoragibert.com\/es\/#website\"},\"primaryImageOfPage\":{\"@id\":\"https:\/\/www.doctoragibert.com\/es\/aprofita-aquestes-setmanes-de-fred-per-vacunar-te-contra-la-grip-encara-hi-ets-a-temps\/#primaryimage\"},\"image\":{\"@id\":\"https:\/\/www.doctoragibert.com\/es\/aprofita-aquestes-setmanes-de-fred-per-vacunar-te-contra-la-grip-encara-hi-ets-a-temps\/#primaryimage\"},\"thumbnailUrl\":\"https:\/\/www.doctoragibert.com\/wp-content\/uploads\/2017\/12\/Aprofita-aquestes-setmanes-de-fred-per-vacunar-te-contra-la-grip-encara-hi-ets-a-temps.jpg\",\"datePublished\":\"2017-12-01T22:39:37+00:00\",\"dateModified\":\"2022-11-16T14:21:08+00:00\",\"author\":{\"@id\":\"https:\/\/www.doctoragibert.com\/es\/#\/schema\/person\/1e6d879351dc4368d77d6731c050bce3\"},\"inLanguage\":\"es\",\"potentialAction\":[{\"@type\":\"ReadAction\",\"target\":[\"https:\/\/www.doctoragibert.com\/es\/aprofita-aquestes-setmanes-de-fred-per-vacunar-te-contra-la-grip-encara-hi-ets-a-temps\/\"]}]},{\"@type\":\"ImageObject\",\"inLanguage\":\"es\",\"@id\":\"https:\/\/www.doctoragibert.com\/es\/aprofita-aquestes-setmanes-de-fred-per-vacunar-te-contra-la-grip-encara-hi-ets-a-temps\/#primaryimage\",\"url\":\"https:\/\/www.doctoragibert.com\/wp-content\/uploads\/2017\/12\/Aprofita-aquestes-setmanes-de-fred-per-vacunar-te-contra-la-grip-encara-hi-ets-a-temps.jpg\",\"contentUrl\":\"https:\/\/www.doctoragibert.com\/wp-content\/uploads\/2017\/12\/Aprofita-aquestes-setmanes-de-fred-per-vacunar-te-contra-la-grip-encara-hi-ets-a-temps.jpg\"},{\"@type\":\"WebSite\",\"@id\":\"https:\/\/www.doctoragibert.com\/es\/#website\",\"url\":\"https:\/\/www.doctoragibert.com\/es\/\",\"name\":\"DRA. GIBERT\",\"description\":\"Ginecologia i obstetricia\",\"potentialAction\":[{\"@type\":\"SearchAction\",\"target\":{\"@type\":\"EntryPoint\",\"urlTemplate\":\"https:\/\/www.doctoragibert.com\/es\/?s={search_term_string}\"},\"query-input\":{\"@type\":\"PropertyValueSpecification\",\"valueRequired\":true,\"valueName\":\"search_term_string\"}}],\"inLanguage\":\"es\"},{\"@type\":\"Person\",\"@id\":\"https:\/\/www.doctoragibert.com\/es\/#\/schema\/person\/1e6d879351dc4368d77d6731c050bce3\",\"name\":\"Dra. MJ Gibert\",\"sameAs\":[\"https:\/\/www.doctoragibert.com\"],\"url\":\"https:\/\/www.doctoragibert.com\/es\/author\/dra-mj-gibert\/\"}]}<\/script>\n<!-- \/ Yoast SEO plugin. -->","yoast_head_json":{"title":"Aprofita aquestes setmanes de fred per vacunar-te contra la grip, encara hi ets a temps - DRA. GIBERT","robots":{"index":"index","follow":"follow","max-snippet":"max-snippet:-1","max-image-preview":"max-image-preview:large","max-video-preview":"max-video-preview:-1"},"canonical":"https:\/\/www.doctoragibert.com\/es\/aprofita-aquestes-setmanes-de-fred-per-vacunar-te-contra-la-grip-encara-hi-ets-a-temps\/","og_locale":"es_ES","og_type":"article","og_title":"Aprofita aquestes setmanes de fred per vacunar-te contra la grip, encara hi ets a temps - DRA. GIBERT","og_description":"Ja ha arribat l&#8217;onada de fred, i, amb ella, els refredats i la grip. Recordau que, a Mallorca, les temperatures baixes es mantendran fins a mitjans de mar\u00e7, la qual cosa \u00e9s un motiu m\u00e9s perqu\u00e8, si est\u00e0s embarassada, ets mare d&#8217;un nin de menys de 6 mesos o et trobes en altres grups de [&hellip;]","og_url":"https:\/\/www.doctoragibert.com\/es\/aprofita-aquestes-setmanes-de-fred-per-vacunar-te-contra-la-grip-encara-hi-ets-a-temps\/","og_site_name":"DRA. GIBERT","article_publisher":"https:\/\/www.facebook.com\/doctoragibert","article_published_time":"2017-12-01T22:39:37+00:00","article_modified_time":"2022-11-16T14:21:08+00:00","og_image":[{"url":"https:\/\/www.doctoragibert.com\/wp-content\/uploads\/2017\/12\/Aprofita-aquestes-setmanes-de-fred-per-vacunar-te-contra-la-grip-encara-hi-ets-a-temps.jpg","type":"","width":"","height":""}],"author":"Dra. MJ Gibert","twitter_misc":{"Escrito por":"Dra. MJ Gibert","Tiempo de lectura":"1 minuto"},"schema":{"@context":"https:\/\/schema.org","@graph":[{"@type":"WebPage","@id":"https:\/\/www.doctoragibert.com\/es\/aprofita-aquestes-setmanes-de-fred-per-vacunar-te-contra-la-grip-encara-hi-ets-a-temps\/","url":"https:\/\/www.doctoragibert.com\/es\/aprofita-aquestes-setmanes-de-fred-per-vacunar-te-contra-la-grip-encara-hi-ets-a-temps\/","name":"Aprofita aquestes setmanes de fred per vacunar-te contra la grip, encara hi ets a temps - DRA. GIBERT","isPartOf":{"@id":"https:\/\/www.doctoragibert.com\/es\/#website"},"primaryImageOfPage":{"@id":"https:\/\/www.doctoragibert.com\/es\/aprofita-aquestes-setmanes-de-fred-per-vacunar-te-contra-la-grip-encara-hi-ets-a-temps\/#primaryimage"},"image":{"@id":"https:\/\/www.doctoragibert.com\/es\/aprofita-aquestes-setmanes-de-fred-per-vacunar-te-contra-la-grip-encara-hi-ets-a-temps\/#primaryimage"},"thumbnailUrl":"https:\/\/www.doctoragibert.com\/wp-content\/uploads\/2017\/12\/Aprofita-aquestes-setmanes-de-fred-per-vacunar-te-contra-la-grip-encara-hi-ets-a-temps.jpg","datePublished":"2017-12-01T22:39:37+00:00","dateModified":"2022-11-16T14:21:08+00:00","author":{"@id":"https:\/\/www.doctoragibert.com\/es\/#\/schema\/person\/1e6d879351dc4368d77d6731c050bce3"},"inLanguage":"es","potentialAction":[{"@type":"ReadAction","target":["https:\/\/www.doctoragibert.com\/es\/aprofita-aquestes-setmanes-de-fred-per-vacunar-te-contra-la-grip-encara-hi-ets-a-temps\/"]}]},{"@type":"ImageObject","inLanguage":"es","@id":"https:\/\/www.doctoragibert.com\/es\/aprofita-aquestes-setmanes-de-fred-per-vacunar-te-contra-la-grip-encara-hi-ets-a-temps\/#primaryimage","url":"https:\/\/www.doctoragibert.com\/wp-content\/uploads\/2017\/12\/Aprofita-aquestes-setmanes-de-fred-per-vacunar-te-contra-la-grip-encara-hi-ets-a-temps.jpg","contentUrl":"https:\/\/www.doctoragibert.com\/wp-content\/uploads\/2017\/12\/Aprofita-aquestes-setmanes-de-fred-per-vacunar-te-contra-la-grip-encara-hi-ets-a-temps.jpg"},{"@type":"WebSite","@id":"https:\/\/www.doctoragibert.com\/es\/#website","url":"https:\/\/www.doctoragibert.com\/es\/","name":"DRA. GIBERT","description":"Ginecologia i obstetricia","potentialAction":[{"@type":"SearchAction","target":{"@type":"EntryPoint","urlTemplate":"https:\/\/www.doctoragibert.com\/es\/?s={search_term_string}"},"query-input":{"@type":"PropertyValueSpecification","valueRequired":true,"valueName":"search_term_string"}}],"inLanguage":"es"},{"@type":"Person","@id":"https:\/\/www.doctoragibert.com\/es\/#\/schema\/person\/1e6d879351dc4368d77d6731c050bce3","name":"Dra. MJ Gibert","sameAs":["https:\/\/www.doctoragibert.com"],"url":"https:\/\/www.doctoragibert.com\/es\/author\/dra-mj-gibert\/"}]}},"_links":{"self":[{"href":"https:\/\/www.doctoragibert.com\/es\/wp-json\/wp\/v2\/posts\/10342","targetHints":{"allow":["GET"]}}],"collection":[{"href":"https:\/\/www.doctoragibert.com\/es\/wp-json\/wp\/v2\/posts"}],"about":[{"href":"https:\/\/www.doctoragibert.com\/es\/wp-json\/wp\/v2\/types\/post"}],"author":[{"embeddable":true,"href":"https:\/\/www.doctoragibert.com\/es\/wp-json\/wp\/v2\/users\/12"}],"replies":[{"embeddable":true,"href":"https:\/\/www.doctoragibert.com\/es\/wp-json\/wp\/v2\/comments?post=10342"}],"version-history":[{"count":5,"href":"https:\/\/www.doctoragibert.com\/es\/wp-json\/wp\/v2\/posts\/10342\/revisions"}],"predecessor-version":[{"id":20851,"href":"https:\/\/www.doctoragibert.com\/es\/wp-json\/wp\/v2\/posts\/10342\/revisions\/20851"}],"wp:attachment":[{"href":"https:\/\/www.doctoragibert.com\/es\/wp-json\/wp\/v2\/media?parent=10342"}],"wp:term":[{"taxonomy":"category","embeddable":true,"href":"https:\/\/www.doctoragibert.com\/es\/wp-json\/wp\/v2\/categories?post=10342"},{"taxonomy":"post_tag","embeddable":true,"href":"https:\/\/www.doctoragibert.com\/es\/wp-json\/wp\/v2\/tags?post=10342"}],"curies":[{"name":"wp","href":"https:\/\/api.w.org\/{rel}","templated":true}]}}