{"id":11019,"date":"2019-10-20T08:00:05","date_gmt":"2019-10-20T08:00:05","guid":{"rendered":"https:\/\/www.doctoragibert.com\/?p=11019"},"modified":"2022-11-16T14:07:33","modified_gmt":"2022-11-16T14:07:33","slug":"octubre-mes-de-la-conscienciacio-sobre-el-cancer-de-mama","status":"publish","type":"post","link":"https:\/\/www.doctoragibert.com\/es\/octubre-mes-de-la-conscienciacio-sobre-el-cancer-de-mama\/","title":{"rendered":"Octubre: mes de la conscienciaci\u00f3 sobre el c\u00e0ncer de mama"},"content":{"rendered":"<p>En 2019, el Dia Mundial del C\u00e0ncer de Mama ha caigut en dissabte i aix\u00f2 ha propiciat que, en el nostre entorn, es vagin estenent totes les activitats relacionades a setmanes abans i despr\u00e9s del <strong>19 d&#8217;octubre<\/strong>. No en va, l&#8217;Organitzaci\u00f3 Mundial de la Salut d\u00f3na suport a l\u2019octubre com a Mes de Sensibilitzaci\u00f3 sobre el C\u00e0ncer de Mama. L&#8217;inter\u00e8s d\u2019aquesta \u00abcelebraci\u00f3\u00bb del c\u00e0ncer de mama resideix&nbsp;en dirigir l&#8217;atenci\u00f3 de la poblaci\u00f3 sobre la seva exist\u00e8ncia (ens pot tocar a totes i cadascuna de nosaltres), la detecci\u00f3 preco\u00e7, el seu tractament i les cures pal\u00b7liatives.<img fetchpriority=\"high\" decoding=\"async\" class=\"alignright size-full wp-image-11016\" src=\"https:\/\/www.doctoragibert.com\/wp-content\/uploads\/2019\/10\/Octubre-Mes-Internacional-del-C\u00e0ncer-de-Mama-2019.jpg\" alt=\"Octubre, Mes Internacional del C\u00e0ncer de Mama 2019\" width=\"315\" height=\"301\" srcset=\"https:\/\/www.doctoragibert.com\/wp-content\/uploads\/2019\/10\/Octubre-Mes-Internacional-del-C\u00e0ncer-de-Mama-2019.jpg 2366w, https:\/\/www.doctoragibert.com\/wp-content\/uploads\/2019\/10\/Octubre-Mes-Internacional-del-C\u00e0ncer-de-Mama-2019-300x287.jpg 300w, https:\/\/www.doctoragibert.com\/wp-content\/uploads\/2019\/10\/Octubre-Mes-Internacional-del-C\u00e0ncer-de-Mama-2019-768x734.jpg 768w, https:\/\/www.doctoragibert.com\/wp-content\/uploads\/2019\/10\/Octubre-Mes-Internacional-del-C\u00e0ncer-de-Mama-2019-1024x979.jpg 1024w\" sizes=\"(max-width: 315px) 100vw, 315px\" \/><\/p>\n<p>En l&#8217;actualitat, el c\u00e0ncer de mama \u00e9s el m\u00e9s freq\u00fcent entre les dones de gaireb\u00e9 tots els pa\u00efsos, independentment del seu nivell econ\u00f2mic. Es calcula que, <strong>si vivim 90 anys,&nbsp;l&#8217;11% patirem un c\u00e0ncer de mama<\/strong>. En haver molts m\u00e9s casos de c\u00e0ncer de mama que d\u2019altres c\u00e0ncers, tot i que el 85% de les dones afectades&nbsp;sobrevisqui als 5 anys del tractament, \u00e9s el que causa m\u00e9s morts amb difer\u00e8ncia. Concretant, a tot el m\u00f3n i cada any, es diagnostiquen sobre un mili\u00f3 i mig de c\u00e0ncers de mama i gaireb\u00e9 mig mili\u00f3 de morts anuals s\u00f3n causades pel mateix.<\/p>\n<p>Mirant-ho amb la perspectiva que et donen els anys, em vaig directament a l&#8217;\u00e8poca&nbsp;a la qual era aprenent de ginec\u00f2loga, i record que, amb certa freq\u00fc\u00e8ncia, apareixien per Urg\u00e8ncies pacients amb c\u00e0ncers de mama avan\u00e7ats i la t\u00edpica senyora gran, v\u00eddua, que avisava la filla quan el seu pit era literalment un cr\u00e0ter o llaga enganxada a les costelles. Molt probablement, els mitjans de comunicaci\u00f3 i el lla\u00e7 rosa han contribu\u00eft al fet que el pit i les seves malalties deixin de ser un tab\u00fa i l&#8217;habitual \u00e9s que les pacients consultin per qualsevol anomalia.<\/p>\n<p>Com ja us vaig comentar l&#8217;any passat, <strong>\u00e9s important con\u00e8ixer els nostres pits<\/strong>, igual que la resta del nostre cos, i una palpaci\u00f3 r\u00e0pida mensual, durant els \u00faltims dies de la menstruaci\u00f3 o en qualsevol dia si no es t\u00e9, ens ajuda a detectar qualsevol problema. Si el vostre metge de refer\u00e8ncia us explica les caracter\u00edstiques pr\u00f2pies de les vostres mames \u00abin situ\u00bb, tot ser\u00e0 m\u00e9s f\u00e0cil.&nbsp;L&#8217;estudi diligent de les troballes anormals de l&#8217;exploraci\u00f3 \u00e9s una basa molt important per al diagn\u00f2stic preco\u00e7 i la consecuci\u00f3 de resultats \u00f2ptims. De fet, <strong>els c\u00e0ncers palpables s\u00f3n els que sabem que causen problemes reals de salut<\/strong>.&nbsp;<\/p>\n<p>Aquest any insistir\u00e9 des d&#8217;aquesta not\u00edcia sobre <strong>pros i contres de les mamografies de cribratge<\/strong>, perqu\u00e8 no \u00e9s or tot el que llueix.&nbsp; Les mamografies de cribratge s\u00f3n les que ens feim entre els 50 i 69 anys, quan l&#8217;exploraci\u00f3 dels nostres pits \u00e9s completament normal. Les esmentades proves, encara que descobreixen c\u00e0ncers molt petits, tamb\u00e9 etiqueten com a c\u00e0ncers de mama a lesions que mai haguessin molestat a la pacient. Si seguim un discurs honest, podem dir que, a dia d&#8217;avui, si b\u00e9 la mortalitat per c\u00e0ncer de mama ha anat disminuint progressivament des dels anys 90, desconeixem quina part de culpa t\u00e9 cada un dels seg\u00fcents factors: mamografies en mames aparentment normals, consulta si notam canvis en els nostres pits o la millora dels tractaments del c\u00e0ncer de mama. Un cop valorats pros i contres, la decisi\u00f3 de fer-se, o no, mamografies peri\u00f2diques \u00e9s individual, i ser\u00e0 adequada sempre que haguem passat per una fase de discerniment despr\u00e9s de disposar del material i l&#8217;assessorament adequats. He aprofitat la redacci\u00f3 d&#8217;aquesta not\u00edcia per actualitzar la nostra entrada sobre la decisi\u00f3 informada de les nostres pacients i de totes les dones que consulten <a href=\"https:\/\/www.doctoragibert.com\/prevencio-en-ginecologia\/cancer-de-mama- quan-shan-de-fer-mamografies\" target=\"_blank\" rel=\"noopener\">el nostre web<\/a>&nbsp;.<\/p>\n<p>Un altre aspecte sobre el qual s&#8217;est\u00e0 avan\u00e7ant \u00e9s el c\u00e0lcul, abans de decidir mamografia de cribratge s\u00ed o no, del nostre risc individual. A part de les nostres edat i ra\u00e7a, de l&#8217;inici de les nostres regles, dels nostres antecedents personals i familiars, s&#8217;est\u00e0 progressant mitjan\u00e7ant la introducci\u00f3 de la densitat del nostre teixit (valorable mitjan\u00e7ant mamografia) i els marcadors gen\u00e8tics (SNPs o polimorfismes de nucle\u00f2tid simple). En aquesta tessitura estam i aquest \u00e9s el cam\u00ed que fruitar\u00e0 en els propers anys. \u00c9s de sentit com\u00fa que el rendiment de les mamografies millorar\u00e0 si la nostra probabilitat d&#8217;emmalaltir \u00e9s alta, mentre que, si aquesta \u00e9s baixa, no fer-se mamografies de cribratge pot ser una molt bona opci\u00f3.<\/p>\n","protected":false},"excerpt":{"rendered":"<p>En 2019, el Dia Mundial del C\u00e0ncer de Mama ha caigut en dissabte i aix\u00f2 ha propiciat que, en el nostre entorn, es vagin estenent totes les activitats relacionades a setmanes abans i despr\u00e9s del 19 d&#8217;octubre. No en va, l&#8217;Organitzaci\u00f3 Mundial de la Salut d\u00f3na suport a l\u2019octubre com a Mes de Sensibilitzaci\u00f3 sobre [&hellip;]<\/p>\n","protected":false},"author":12,"featured_media":0,"comment_status":"closed","ping_status":"closed","sticky":false,"template":"","format":"standard","meta":{"footnotes":""},"categories":[85],"tags":[],"class_list":["post-11019","post","type-post","status-publish","format-standard","hentry","category-cancer-es"],"yoast_head":"<!-- This site is optimized with the Yoast SEO plugin v25.0 - https:\/\/yoast.com\/wordpress\/plugins\/seo\/ -->\n<title>Octubre: mes de la conscienciaci\u00f3 sobre el c\u00e0ncer de mama - DRA. GIBERT<\/title>\n<meta name=\"robots\" content=\"index, follow, max-snippet:-1, max-image-preview:large, max-video-preview:-1\" \/>\n<link rel=\"canonical\" href=\"https:\/\/www.doctoragibert.com\/es\/octubre-mes-de-la-conscienciacio-sobre-el-cancer-de-mama\/\" \/>\n<meta property=\"og:locale\" content=\"es_ES\" \/>\n<meta property=\"og:type\" content=\"article\" \/>\n<meta property=\"og:title\" content=\"Octubre: mes de la conscienciaci\u00f3 sobre el c\u00e0ncer de mama - DRA. GIBERT\" \/>\n<meta property=\"og:description\" content=\"En 2019, el Dia Mundial del C\u00e0ncer de Mama ha caigut en dissabte i aix\u00f2 ha propiciat que, en el nostre entorn, es vagin estenent totes les activitats relacionades a setmanes abans i despr\u00e9s del 19 d&#8217;octubre. No en va, l&#8217;Organitzaci\u00f3 Mundial de la Salut d\u00f3na suport a l\u2019octubre com a Mes de Sensibilitzaci\u00f3 sobre [&hellip;]\" \/>\n<meta property=\"og:url\" content=\"https:\/\/www.doctoragibert.com\/es\/octubre-mes-de-la-conscienciacio-sobre-el-cancer-de-mama\/\" \/>\n<meta property=\"og:site_name\" content=\"DRA. GIBERT\" \/>\n<meta property=\"article:publisher\" content=\"https:\/\/www.facebook.com\/doctoragibert\" \/>\n<meta property=\"article:published_time\" content=\"2019-10-20T08:00:05+00:00\" \/>\n<meta property=\"article:modified_time\" content=\"2022-11-16T14:07:33+00:00\" \/>\n<meta name=\"author\" content=\"Dra. MJ Gibert\" \/>\n<meta name=\"twitter:label1\" content=\"Escrito por\" \/>\n\t<meta name=\"twitter:data1\" content=\"Dra. MJ Gibert\" \/>\n\t<meta name=\"twitter:label2\" content=\"Tiempo de lectura\" \/>\n\t<meta name=\"twitter:data2\" content=\"4 minutos\" \/>\n<script type=\"application\/ld+json\" class=\"yoast-schema-graph\">{\"@context\":\"https:\/\/schema.org\",\"@graph\":[{\"@type\":\"WebPage\",\"@id\":\"https:\/\/www.doctoragibert.com\/es\/octubre-mes-de-la-conscienciacio-sobre-el-cancer-de-mama\/\",\"url\":\"https:\/\/www.doctoragibert.com\/es\/octubre-mes-de-la-conscienciacio-sobre-el-cancer-de-mama\/\",\"name\":\"Octubre: mes de la conscienciaci\u00f3 sobre el c\u00e0ncer de mama - DRA. GIBERT\",\"isPartOf\":{\"@id\":\"https:\/\/www.doctoragibert.com\/es\/#website\"},\"datePublished\":\"2019-10-20T08:00:05+00:00\",\"dateModified\":\"2022-11-16T14:07:33+00:00\",\"author\":{\"@id\":\"https:\/\/www.doctoragibert.com\/es\/#\/schema\/person\/1e6d879351dc4368d77d6731c050bce3\"},\"inLanguage\":\"es\",\"potentialAction\":[{\"@type\":\"ReadAction\",\"target\":[\"https:\/\/www.doctoragibert.com\/es\/octubre-mes-de-la-conscienciacio-sobre-el-cancer-de-mama\/\"]}]},{\"@type\":\"WebSite\",\"@id\":\"https:\/\/www.doctoragibert.com\/es\/#website\",\"url\":\"https:\/\/www.doctoragibert.com\/es\/\",\"name\":\"DRA. GIBERT\",\"description\":\"Ginecologia i obstetricia\",\"potentialAction\":[{\"@type\":\"SearchAction\",\"target\":{\"@type\":\"EntryPoint\",\"urlTemplate\":\"https:\/\/www.doctoragibert.com\/es\/?s={search_term_string}\"},\"query-input\":{\"@type\":\"PropertyValueSpecification\",\"valueRequired\":true,\"valueName\":\"search_term_string\"}}],\"inLanguage\":\"es\"},{\"@type\":\"Person\",\"@id\":\"https:\/\/www.doctoragibert.com\/es\/#\/schema\/person\/1e6d879351dc4368d77d6731c050bce3\",\"name\":\"Dra. MJ Gibert\",\"sameAs\":[\"https:\/\/www.doctoragibert.com\"],\"url\":\"https:\/\/www.doctoragibert.com\/es\/author\/dra-mj-gibert\/\"}]}<\/script>\n<!-- \/ Yoast SEO plugin. -->","yoast_head_json":{"title":"Octubre: mes de la conscienciaci\u00f3 sobre el c\u00e0ncer de mama - DRA. GIBERT","robots":{"index":"index","follow":"follow","max-snippet":"max-snippet:-1","max-image-preview":"max-image-preview:large","max-video-preview":"max-video-preview:-1"},"canonical":"https:\/\/www.doctoragibert.com\/es\/octubre-mes-de-la-conscienciacio-sobre-el-cancer-de-mama\/","og_locale":"es_ES","og_type":"article","og_title":"Octubre: mes de la conscienciaci\u00f3 sobre el c\u00e0ncer de mama - DRA. GIBERT","og_description":"En 2019, el Dia Mundial del C\u00e0ncer de Mama ha caigut en dissabte i aix\u00f2 ha propiciat que, en el nostre entorn, es vagin estenent totes les activitats relacionades a setmanes abans i despr\u00e9s del 19 d&#8217;octubre. No en va, l&#8217;Organitzaci\u00f3 Mundial de la Salut d\u00f3na suport a l\u2019octubre com a Mes de Sensibilitzaci\u00f3 sobre [&hellip;]","og_url":"https:\/\/www.doctoragibert.com\/es\/octubre-mes-de-la-conscienciacio-sobre-el-cancer-de-mama\/","og_site_name":"DRA. GIBERT","article_publisher":"https:\/\/www.facebook.com\/doctoragibert","article_published_time":"2019-10-20T08:00:05+00:00","article_modified_time":"2022-11-16T14:07:33+00:00","author":"Dra. MJ Gibert","twitter_misc":{"Escrito por":"Dra. MJ Gibert","Tiempo de lectura":"4 minutos"},"schema":{"@context":"https:\/\/schema.org","@graph":[{"@type":"WebPage","@id":"https:\/\/www.doctoragibert.com\/es\/octubre-mes-de-la-conscienciacio-sobre-el-cancer-de-mama\/","url":"https:\/\/www.doctoragibert.com\/es\/octubre-mes-de-la-conscienciacio-sobre-el-cancer-de-mama\/","name":"Octubre: mes de la conscienciaci\u00f3 sobre el c\u00e0ncer de mama - DRA. GIBERT","isPartOf":{"@id":"https:\/\/www.doctoragibert.com\/es\/#website"},"datePublished":"2019-10-20T08:00:05+00:00","dateModified":"2022-11-16T14:07:33+00:00","author":{"@id":"https:\/\/www.doctoragibert.com\/es\/#\/schema\/person\/1e6d879351dc4368d77d6731c050bce3"},"inLanguage":"es","potentialAction":[{"@type":"ReadAction","target":["https:\/\/www.doctoragibert.com\/es\/octubre-mes-de-la-conscienciacio-sobre-el-cancer-de-mama\/"]}]},{"@type":"WebSite","@id":"https:\/\/www.doctoragibert.com\/es\/#website","url":"https:\/\/www.doctoragibert.com\/es\/","name":"DRA. GIBERT","description":"Ginecologia i obstetricia","potentialAction":[{"@type":"SearchAction","target":{"@type":"EntryPoint","urlTemplate":"https:\/\/www.doctoragibert.com\/es\/?s={search_term_string}"},"query-input":{"@type":"PropertyValueSpecification","valueRequired":true,"valueName":"search_term_string"}}],"inLanguage":"es"},{"@type":"Person","@id":"https:\/\/www.doctoragibert.com\/es\/#\/schema\/person\/1e6d879351dc4368d77d6731c050bce3","name":"Dra. MJ Gibert","sameAs":["https:\/\/www.doctoragibert.com"],"url":"https:\/\/www.doctoragibert.com\/es\/author\/dra-mj-gibert\/"}]}},"_links":{"self":[{"href":"https:\/\/www.doctoragibert.com\/es\/wp-json\/wp\/v2\/posts\/11019","targetHints":{"allow":["GET"]}}],"collection":[{"href":"https:\/\/www.doctoragibert.com\/es\/wp-json\/wp\/v2\/posts"}],"about":[{"href":"https:\/\/www.doctoragibert.com\/es\/wp-json\/wp\/v2\/types\/post"}],"author":[{"embeddable":true,"href":"https:\/\/www.doctoragibert.com\/es\/wp-json\/wp\/v2\/users\/12"}],"replies":[{"embeddable":true,"href":"https:\/\/www.doctoragibert.com\/es\/wp-json\/wp\/v2\/comments?post=11019"}],"version-history":[{"count":5,"href":"https:\/\/www.doctoragibert.com\/es\/wp-json\/wp\/v2\/posts\/11019\/revisions"}],"predecessor-version":[{"id":20831,"href":"https:\/\/www.doctoragibert.com\/es\/wp-json\/wp\/v2\/posts\/11019\/revisions\/20831"}],"wp:attachment":[{"href":"https:\/\/www.doctoragibert.com\/es\/wp-json\/wp\/v2\/media?parent=11019"}],"wp:term":[{"taxonomy":"category","embeddable":true,"href":"https:\/\/www.doctoragibert.com\/es\/wp-json\/wp\/v2\/categories?post=11019"},{"taxonomy":"post_tag","embeddable":true,"href":"https:\/\/www.doctoragibert.com\/es\/wp-json\/wp\/v2\/tags?post=11019"}],"curies":[{"name":"wp","href":"https:\/\/api.w.org\/{rel}","templated":true}]}}