{"id":11065,"date":"2019-10-25T22:52:37","date_gmt":"2019-10-25T22:52:37","guid":{"rendered":"https:\/\/www.doctoragibert.com\/?p=11065"},"modified":"2022-11-16T14:07:20","modified_gmt":"2022-11-16T14:07:20","slug":"a-partir-del-5-de-novembre-totes-les-embarassades-a-vacunar-se-de-la-grip","status":"publish","type":"post","link":"https:\/\/www.doctoragibert.com\/es\/a-partir-del-5-de-novembre-totes-les-embarassades-a-vacunar-se-de-la-grip\/","title":{"rendered":"A partir del 5 de novembre, totes les embarassades a vacunar-se de la grip"},"content":{"rendered":"<p><img fetchpriority=\"high\" decoding=\"async\" class=\"size-full wp-image-11062 alignleft\" src=\"https:\/\/www.doctoragibert.com\/wp-content\/uploads\/2019\/10\/Grip-2019b.png\" alt=\"Grip 2019b\" width=\"262\" height=\"210\" srcset=\"https:\/\/www.doctoragibert.com\/wp-content\/uploads\/2019\/10\/Grip-2019b.png 787w, https:\/\/www.doctoragibert.com\/wp-content\/uploads\/2019\/10\/Grip-2019b-300x240.png 300w, https:\/\/www.doctoragibert.com\/wp-content\/uploads\/2019\/10\/Grip-2019b-768x615.png 768w\" sizes=\"(max-width: 262px) 100vw, 262px\" \/>La campanya de la grip a Balears s&#8217;inicia <strong>el proper dimarts 5 de novembre i acaba el 19 de desembre<\/strong>, just abans de les Festes de Nadal. De les 144.000 dosis comprades per la Conselleria, 67.000 s\u00f3n per a menors de 65 anys, entre ells les embarassades. Com que les dosis han arribat ja als Centres de Salut, ja poden demanar cita per a la seva administraci\u00f3 al tel\u00e8fon (<strong>971.43.70.79<\/strong>) i s\u2019assegurin, si estan embarassades, de tenir cita per a la comare, que \u00e9s la responsable de la seva vacunaci\u00f3. Moltes de les embarassades rebran <strong>un SMS<\/strong> recordant-los la necessitat de vacunar-se.<\/p>\n<p><img decoding=\"async\" class=\"alignright size-full wp-image-11060\" src=\"https:\/\/www.doctoragibert.com\/wp-content\/uploads\/2019\/10\/Grip-2019a.jpg\" alt=\"Grip 2019a\" width=\"222\" height=\"640\"><\/p>\n<p>La vacunaci\u00f3 de la grip, si vost\u00e8 pertany a un grup en qu\u00e8 estigui indicada, no nom\u00e9s protegeix el vacunat, sin\u00f3 al seu entorn, prevenint la disseminaci\u00f3 del virus. Aquest \u00e9s un concepte que cal refor\u00e7ar, el de <strong>\u00abla immunitat de grup\u00bb<\/strong>, quan a Balears el percentatge de vacunats no supera el 50% i l&#8217;ideal \u00e9s que arribi al 75%. En el cas de les embarassades, no nom\u00e9s es protegeix a la mare, sin\u00f3 al futur nad\u00f3, sobretot en els primers 6 mesos de vida.<\/p>\n<p>Com cada any, es recorda que la grip t\u00e9 els s\u00edmptomes d&#8217;un refredat fort, que dura m\u00e9s dies i amb febre. \u00c9s una <strong>malaltia que afecta a l\u20191,3% de la poblaci\u00f3 balear<\/strong>. La difer\u00e8ncia amb un refredat habitual \u00e9s la capacitat que t\u00e9 aquest virus de arrasar-nos les defenses i fer-nos vulnerables a qualsevol malaltia causada per bacteris, com la pneum\u00f2nia.<\/p>\n<p>Es recomana que, com no hi ha un tractament espec\u00edfic, les persones que sospitin que puguin tenir la grip es quedin a casa en rep\u00f2s, beguin molt de l\u00edquid i prenguin paracetamol o algun antiinflamatori d&#8217;\u00fas habitual amb l&#8217;objectiu de reduir els dolors articulars, musculars i la febre. Si els s\u00edmptomes s\u00f3n dif\u00edcils de suportar, millor acudir al centre de salut i no als hospitals, per no saturar les urg\u00e8ncies i no exposar, ni ser exposat, a altres microbis nocius. Airejar les habitacions, cobrir-se la boca en tossir amb mocadors de paper nets, rentar-se freq\u00fcentment les mans tant amb aigua i sab\u00f3 com amb soluci\u00f3 hidroalcoh\u00f2lica i beure molt l\u00edquid s\u00f3n les mesures recomanades.<\/p>\n<p><strong>L&#8217;embar\u00e0s suposa<\/strong> uns canvis respiratoris, card\u00edacs i del sistema immune, els quals afavoreixen <strong>una grip m\u00e9s severa, amb m\u00e9s ingressos i complicacions<\/strong>. Les embarassades, si tenen febre alta en el primer trimestre d&#8217;embar\u00e0s, s&#8217;arrisquen a que els seus fills tinguin <strong>m\u00e9s defectes cong\u00e8nits<\/strong>, sobretot l&#8217;espina b\u00edfida, m\u00e9s avortaments i, si contreuen la grip m\u00e9s tard, tenen major risc de fills prematurs, de baix pes i de morts fetals intrauterines. No obstant aix\u00f2, els beneficis de la vacunaci\u00f3 es fan evidents despr\u00e9s de vacunar a milers de dones, segons es pot apreciar a la taula de m\u00e9s abaix.<\/p>\n<p><strong>La seva administraci\u00f3 \u00e9s molt segura<\/strong> tant per a les embarassades com per als seus fills.<\/p>\n<p>La vacuna de la grip cont\u00e9 les soques que, d&#8217;acord a les recomanacions de l&#8217;Organitzaci\u00f3 Mundial de la Salut, causaran la malaltia en la temporada entrant amb m\u00e9s probabilitat.<\/p>\n<p>En la campanya 2019-2020, la vacuna administrada cont\u00e9 un virus de la grip B i dues de la grip A (H1N1 i H3N2) que han estat modificats respecte a l&#8217;any anterior. Els virus de les vacunes estan inactivats per a que no causin malaltia i, alhora, mantenguin la capacitat de desencadenar resposta immune. El canvi de soques de les vacunes es deu al fet que \u00e9s un virus molt canviant d&#8217;any en any, el que compromet l&#8217;efectivitat de la vacuna, que \u00e9s moderada i inferior a altres vacunes. Sembla que, com a molt, <strong>nom\u00e9s el 70% dels vacunats queden protegits<\/strong>.<\/p>\n<p><img decoding=\"async\" class=\"size-full wp-image-11054 aligncenter\" src=\"https:\/\/www.doctoragibert.com\/wp-content\/uploads\/2019\/10\/Grip2019_mall-2.jpg\" alt=\"Grip2019_mall\" width=\"480\" height=\"190\" srcset=\"https:\/\/www.doctoragibert.com\/wp-content\/uploads\/2019\/10\/Grip2019_mall-2.jpg 959w, https:\/\/www.doctoragibert.com\/wp-content\/uploads\/2019\/10\/Grip2019_mall-2-300x119.jpg 300w, https:\/\/www.doctoragibert.com\/wp-content\/uploads\/2019\/10\/Grip2019_mall-2-768x306.jpg 768w\" sizes=\"(max-width: 480px) 100vw, 480px\" \/><\/p>\n<p style=\"text-align: center;\"><strong><em>Font:<\/em><\/strong><em> Sheffield US, et al. Obstet Gynecol. 2012;120:532.<\/em><\/p>\n<p style=\"text-align: left;\">&nbsp;<\/p>\n<p>L&#8217;administraci\u00f3 de la vacuna, a la part alta del bra\u00e7, o no produeix cap mol\u00e8stia o, com a molt, mol\u00e8sties lleus.<\/p>\n<p>La vacuna de la grip \u00e9s recomanada per les autoritats sanit\u00e0ries als seg\u00fcents grups:<\/p>\n<ul>\n<li>Majors de 65 anys.<\/li>\n<li>Malalts cr\u00f2nics.<\/li>\n<li>Cuidadors de malalts, personal sanitari i treballadors de serveis p\u00fablics essencials.<\/li>\n<li>I, per descomptat, embarassades.<\/li>\n<\/ul>\n<p>Si voleu ampliar la informaci\u00f3, podeu consultar altres not\u00edcies pel que fa a la grip&nbsp;<a href=\"https:\/\/www.doctoragibert.com\/embaras-i-part\/gripe-y-embarazo-per-que-hi-que-vacunar\" target=\"_blank\" rel=\"noopener\">del nostre web<\/a> i, en concret, aquesta corresponent a 2017 i, per suposat, <a href=\"http:\/\/www.caib.es\/sites\/grip\/ca\/presentacia\/?campa=yes\" target=\"_blank\" rel=\"noopener\">la campanya<\/a> que la Conselleria de Salut ha preparat per a enguany.&nbsp;<\/p>\n","protected":false},"excerpt":{"rendered":"<p>La campanya de la grip a Balears s&#8217;inicia el proper dimarts 5 de novembre i acaba el 19 de desembre, just abans de les Festes de Nadal. De les 144.000 dosis comprades per la Conselleria, 67.000 s\u00f3n per a menors de 65 anys, entre ells les embarassades. Com que les dosis han arribat ja als [&hellip;]<\/p>\n","protected":false},"author":12,"featured_media":0,"comment_status":"closed","ping_status":"closed","sticky":false,"template":"","format":"standard","meta":{"footnotes":""},"categories":[91,113,117],"tags":[],"class_list":["post-11065","post","type-post","status-publish","format-standard","hentry","category-embarazo-es","category-sanidad-publica","category-vacunacion"],"yoast_head":"<!-- This site is optimized with the Yoast SEO plugin v25.0 - https:\/\/yoast.com\/wordpress\/plugins\/seo\/ -->\n<title>A partir del 5 de novembre, totes les embarassades a vacunar-se de la grip - DRA. GIBERT<\/title>\n<meta name=\"robots\" content=\"index, follow, max-snippet:-1, max-image-preview:large, max-video-preview:-1\" \/>\n<link rel=\"canonical\" href=\"https:\/\/www.doctoragibert.com\/es\/a-partir-del-5-de-novembre-totes-les-embarassades-a-vacunar-se-de-la-grip\/\" \/>\n<meta property=\"og:locale\" content=\"es_ES\" \/>\n<meta property=\"og:type\" content=\"article\" \/>\n<meta property=\"og:title\" content=\"A partir del 5 de novembre, totes les embarassades a vacunar-se de la grip - DRA. GIBERT\" \/>\n<meta property=\"og:description\" content=\"La campanya de la grip a Balears s&#8217;inicia el proper dimarts 5 de novembre i acaba el 19 de desembre, just abans de les Festes de Nadal. De les 144.000 dosis comprades per la Conselleria, 67.000 s\u00f3n per a menors de 65 anys, entre ells les embarassades. Com que les dosis han arribat ja als [&hellip;]\" \/>\n<meta property=\"og:url\" content=\"https:\/\/www.doctoragibert.com\/es\/a-partir-del-5-de-novembre-totes-les-embarassades-a-vacunar-se-de-la-grip\/\" \/>\n<meta property=\"og:site_name\" content=\"DRA. GIBERT\" \/>\n<meta property=\"article:publisher\" content=\"https:\/\/www.facebook.com\/doctoragibert\" \/>\n<meta property=\"article:published_time\" content=\"2019-10-25T22:52:37+00:00\" \/>\n<meta property=\"article:modified_time\" content=\"2022-11-16T14:07:20+00:00\" \/>\n<meta property=\"og:image\" content=\"https:\/\/www.doctoragibert.com\/wp-content\/uploads\/2019\/10\/Grip-2019b.png\" \/>\n<meta name=\"author\" content=\"Dra. MJ Gibert\" \/>\n<meta name=\"twitter:label1\" content=\"Escrito por\" \/>\n\t<meta name=\"twitter:data1\" content=\"Dra. MJ Gibert\" \/>\n\t<meta name=\"twitter:label2\" content=\"Tiempo de lectura\" \/>\n\t<meta name=\"twitter:data2\" content=\"4 minutos\" \/>\n<script type=\"application\/ld+json\" class=\"yoast-schema-graph\">{\"@context\":\"https:\/\/schema.org\",\"@graph\":[{\"@type\":\"WebPage\",\"@id\":\"https:\/\/www.doctoragibert.com\/es\/a-partir-del-5-de-novembre-totes-les-embarassades-a-vacunar-se-de-la-grip\/\",\"url\":\"https:\/\/www.doctoragibert.com\/es\/a-partir-del-5-de-novembre-totes-les-embarassades-a-vacunar-se-de-la-grip\/\",\"name\":\"A partir del 5 de novembre, totes les embarassades a vacunar-se de la grip - DRA. GIBERT\",\"isPartOf\":{\"@id\":\"https:\/\/www.doctoragibert.com\/es\/#website\"},\"primaryImageOfPage\":{\"@id\":\"https:\/\/www.doctoragibert.com\/es\/a-partir-del-5-de-novembre-totes-les-embarassades-a-vacunar-se-de-la-grip\/#primaryimage\"},\"image\":{\"@id\":\"https:\/\/www.doctoragibert.com\/es\/a-partir-del-5-de-novembre-totes-les-embarassades-a-vacunar-se-de-la-grip\/#primaryimage\"},\"thumbnailUrl\":\"https:\/\/www.doctoragibert.com\/wp-content\/uploads\/2019\/10\/Grip-2019b.png\",\"datePublished\":\"2019-10-25T22:52:37+00:00\",\"dateModified\":\"2022-11-16T14:07:20+00:00\",\"author\":{\"@id\":\"https:\/\/www.doctoragibert.com\/es\/#\/schema\/person\/1e6d879351dc4368d77d6731c050bce3\"},\"inLanguage\":\"es\",\"potentialAction\":[{\"@type\":\"ReadAction\",\"target\":[\"https:\/\/www.doctoragibert.com\/es\/a-partir-del-5-de-novembre-totes-les-embarassades-a-vacunar-se-de-la-grip\/\"]}]},{\"@type\":\"ImageObject\",\"inLanguage\":\"es\",\"@id\":\"https:\/\/www.doctoragibert.com\/es\/a-partir-del-5-de-novembre-totes-les-embarassades-a-vacunar-se-de-la-grip\/#primaryimage\",\"url\":\"https:\/\/www.doctoragibert.com\/wp-content\/uploads\/2019\/10\/Grip-2019b.png\",\"contentUrl\":\"https:\/\/www.doctoragibert.com\/wp-content\/uploads\/2019\/10\/Grip-2019b.png\"},{\"@type\":\"WebSite\",\"@id\":\"https:\/\/www.doctoragibert.com\/es\/#website\",\"url\":\"https:\/\/www.doctoragibert.com\/es\/\",\"name\":\"DRA. GIBERT\",\"description\":\"Ginecologia i obstetricia\",\"potentialAction\":[{\"@type\":\"SearchAction\",\"target\":{\"@type\":\"EntryPoint\",\"urlTemplate\":\"https:\/\/www.doctoragibert.com\/es\/?s={search_term_string}\"},\"query-input\":{\"@type\":\"PropertyValueSpecification\",\"valueRequired\":true,\"valueName\":\"search_term_string\"}}],\"inLanguage\":\"es\"},{\"@type\":\"Person\",\"@id\":\"https:\/\/www.doctoragibert.com\/es\/#\/schema\/person\/1e6d879351dc4368d77d6731c050bce3\",\"name\":\"Dra. MJ Gibert\",\"sameAs\":[\"https:\/\/www.doctoragibert.com\"],\"url\":\"https:\/\/www.doctoragibert.com\/es\/author\/dra-mj-gibert\/\"}]}<\/script>\n<!-- \/ Yoast SEO plugin. -->","yoast_head_json":{"title":"A partir del 5 de novembre, totes les embarassades a vacunar-se de la grip - DRA. GIBERT","robots":{"index":"index","follow":"follow","max-snippet":"max-snippet:-1","max-image-preview":"max-image-preview:large","max-video-preview":"max-video-preview:-1"},"canonical":"https:\/\/www.doctoragibert.com\/es\/a-partir-del-5-de-novembre-totes-les-embarassades-a-vacunar-se-de-la-grip\/","og_locale":"es_ES","og_type":"article","og_title":"A partir del 5 de novembre, totes les embarassades a vacunar-se de la grip - DRA. GIBERT","og_description":"La campanya de la grip a Balears s&#8217;inicia el proper dimarts 5 de novembre i acaba el 19 de desembre, just abans de les Festes de Nadal. De les 144.000 dosis comprades per la Conselleria, 67.000 s\u00f3n per a menors de 65 anys, entre ells les embarassades. Com que les dosis han arribat ja als [&hellip;]","og_url":"https:\/\/www.doctoragibert.com\/es\/a-partir-del-5-de-novembre-totes-les-embarassades-a-vacunar-se-de-la-grip\/","og_site_name":"DRA. GIBERT","article_publisher":"https:\/\/www.facebook.com\/doctoragibert","article_published_time":"2019-10-25T22:52:37+00:00","article_modified_time":"2022-11-16T14:07:20+00:00","og_image":[{"url":"https:\/\/www.doctoragibert.com\/wp-content\/uploads\/2019\/10\/Grip-2019b.png","type":"","width":"","height":""}],"author":"Dra. MJ Gibert","twitter_misc":{"Escrito por":"Dra. MJ Gibert","Tiempo de lectura":"4 minutos"},"schema":{"@context":"https:\/\/schema.org","@graph":[{"@type":"WebPage","@id":"https:\/\/www.doctoragibert.com\/es\/a-partir-del-5-de-novembre-totes-les-embarassades-a-vacunar-se-de-la-grip\/","url":"https:\/\/www.doctoragibert.com\/es\/a-partir-del-5-de-novembre-totes-les-embarassades-a-vacunar-se-de-la-grip\/","name":"A partir del 5 de novembre, totes les embarassades a vacunar-se de la grip - DRA. GIBERT","isPartOf":{"@id":"https:\/\/www.doctoragibert.com\/es\/#website"},"primaryImageOfPage":{"@id":"https:\/\/www.doctoragibert.com\/es\/a-partir-del-5-de-novembre-totes-les-embarassades-a-vacunar-se-de-la-grip\/#primaryimage"},"image":{"@id":"https:\/\/www.doctoragibert.com\/es\/a-partir-del-5-de-novembre-totes-les-embarassades-a-vacunar-se-de-la-grip\/#primaryimage"},"thumbnailUrl":"https:\/\/www.doctoragibert.com\/wp-content\/uploads\/2019\/10\/Grip-2019b.png","datePublished":"2019-10-25T22:52:37+00:00","dateModified":"2022-11-16T14:07:20+00:00","author":{"@id":"https:\/\/www.doctoragibert.com\/es\/#\/schema\/person\/1e6d879351dc4368d77d6731c050bce3"},"inLanguage":"es","potentialAction":[{"@type":"ReadAction","target":["https:\/\/www.doctoragibert.com\/es\/a-partir-del-5-de-novembre-totes-les-embarassades-a-vacunar-se-de-la-grip\/"]}]},{"@type":"ImageObject","inLanguage":"es","@id":"https:\/\/www.doctoragibert.com\/es\/a-partir-del-5-de-novembre-totes-les-embarassades-a-vacunar-se-de-la-grip\/#primaryimage","url":"https:\/\/www.doctoragibert.com\/wp-content\/uploads\/2019\/10\/Grip-2019b.png","contentUrl":"https:\/\/www.doctoragibert.com\/wp-content\/uploads\/2019\/10\/Grip-2019b.png"},{"@type":"WebSite","@id":"https:\/\/www.doctoragibert.com\/es\/#website","url":"https:\/\/www.doctoragibert.com\/es\/","name":"DRA. GIBERT","description":"Ginecologia i obstetricia","potentialAction":[{"@type":"SearchAction","target":{"@type":"EntryPoint","urlTemplate":"https:\/\/www.doctoragibert.com\/es\/?s={search_term_string}"},"query-input":{"@type":"PropertyValueSpecification","valueRequired":true,"valueName":"search_term_string"}}],"inLanguage":"es"},{"@type":"Person","@id":"https:\/\/www.doctoragibert.com\/es\/#\/schema\/person\/1e6d879351dc4368d77d6731c050bce3","name":"Dra. MJ Gibert","sameAs":["https:\/\/www.doctoragibert.com"],"url":"https:\/\/www.doctoragibert.com\/es\/author\/dra-mj-gibert\/"}]}},"_links":{"self":[{"href":"https:\/\/www.doctoragibert.com\/es\/wp-json\/wp\/v2\/posts\/11065","targetHints":{"allow":["GET"]}}],"collection":[{"href":"https:\/\/www.doctoragibert.com\/es\/wp-json\/wp\/v2\/posts"}],"about":[{"href":"https:\/\/www.doctoragibert.com\/es\/wp-json\/wp\/v2\/types\/post"}],"author":[{"embeddable":true,"href":"https:\/\/www.doctoragibert.com\/es\/wp-json\/wp\/v2\/users\/12"}],"replies":[{"embeddable":true,"href":"https:\/\/www.doctoragibert.com\/es\/wp-json\/wp\/v2\/comments?post=11065"}],"version-history":[{"count":5,"href":"https:\/\/www.doctoragibert.com\/es\/wp-json\/wp\/v2\/posts\/11065\/revisions"}],"predecessor-version":[{"id":20828,"href":"https:\/\/www.doctoragibert.com\/es\/wp-json\/wp\/v2\/posts\/11065\/revisions\/20828"}],"wp:attachment":[{"href":"https:\/\/www.doctoragibert.com\/es\/wp-json\/wp\/v2\/media?parent=11065"}],"wp:term":[{"taxonomy":"category","embeddable":true,"href":"https:\/\/www.doctoragibert.com\/es\/wp-json\/wp\/v2\/categories?post=11065"},{"taxonomy":"post_tag","embeddable":true,"href":"https:\/\/www.doctoragibert.com\/es\/wp-json\/wp\/v2\/tags?post=11065"}],"curies":[{"name":"wp","href":"https:\/\/api.w.org\/{rel}","templated":true}]}}