{"id":11124,"date":"2019-11-17T20:06:54","date_gmt":"2019-11-17T20:06:54","guid":{"rendered":"https:\/\/www.doctoragibert.com\/dia-mundial-de-linfant-prematur-2019-2\/"},"modified":"2022-11-16T14:07:15","modified_gmt":"2022-11-16T14:07:15","slug":"dia-mundial-de-linfant-prematur-2019","status":"publish","type":"post","link":"https:\/\/www.doctoragibert.com\/es\/dia-mundial-de-linfant-prematur-2019\/","title":{"rendered":"Dia Mundial de l&#8217;Infant Prematur 2019"},"content":{"rendered":"<p><strong>Avui, 17 de novembre, se celebra el Dia Mundial de l&#8217;Infant Prematur<\/strong>, una forma de crear consci\u00e8ncia sobre aquest problema. Segur que aquesta loteria li ha tocat a alg\u00fa de la fam\u00edlia, a alguna amiga o ve\u00efnada.<\/p>\n<p>Aprofitam l&#8217;avinentesa, per presentar-vos una nova entrada sobre&nbsp;<a href=\"https:\/\/www.doctoragibert.com\/embaras-i-part\/prematuritat\/\" target=\"_blank\" rel=\"noopener\">la prematuritat al nostre web<\/a>, per a que estigueu ben informades de qu\u00e8 parlam i qu\u00e8 feim a la consulta per minimitzar els vostres riscos.<\/p>\n<p>Tamb\u00e9, la nostra companya, l&#8217;administrativa del CS Pont d&#8217;Inca, Encarna T\u00e1rraga ens ha fet una vistosa infografia per il\u00b7lustrar el problema.<\/p>\n<p><img fetchpriority=\"high\" decoding=\"async\" class=\"alignright size-full wp-image-11121\" src=\"https:\/\/www.doctoragibert.com\/wp-content\/uploads\/2019\/11\/Prematur_2019_E_T\u00e1rraga.jpg\" alt=\"Prematur_2019_E_T\u00e1rraga\" width=\"1096\" height=\"1587\" srcset=\"https:\/\/www.doctoragibert.com\/wp-content\/uploads\/2019\/11\/Prematur_2019_E_T\u00e1rraga.jpg 1096w, https:\/\/www.doctoragibert.com\/wp-content\/uploads\/2019\/11\/Prematur_2019_E_T\u00e1rraga-207x300.jpg 207w, https:\/\/www.doctoragibert.com\/wp-content\/uploads\/2019\/11\/Prematur_2019_E_T\u00e1rraga-768x1112.jpg 768w, https:\/\/www.doctoragibert.com\/wp-content\/uploads\/2019\/11\/Prematur_2019_E_T\u00e1rraga-707x1024.jpg 707w\" sizes=\"(max-width: 1096px) 100vw, 1096px\" \/><\/p>\n","protected":false},"excerpt":{"rendered":"<p>Avui, 17 de novembre, se celebra el Dia Mundial de l&#8217;Infant Prematur, una forma de crear consci\u00e8ncia sobre aquest problema. Segur que aquesta loteria li ha tocat a alg\u00fa de la fam\u00edlia, a alguna amiga o ve\u00efnada. Aprofitam l&#8217;avinentesa, per presentar-vos una nova entrada sobre&nbsp;la prematuritat al nostre web, per a que estigueu ben informades [&hellip;]<\/p>\n","protected":false},"author":12,"featured_media":0,"comment_status":"closed","ping_status":"closed","sticky":false,"template":"","format":"standard","meta":{"footnotes":""},"categories":[91,109],"tags":[],"class_list":["post-11124","post","type-post","status-publish","format-standard","hentry","category-embarazo-es","category-prevencion"],"yoast_head":"<!-- This site is optimized with the Yoast SEO plugin v25.0 - https:\/\/yoast.com\/wordpress\/plugins\/seo\/ -->\n<title>Dia Mundial de l&#039;Infant Prematur 2019 - DRA. GIBERT<\/title>\n<meta name=\"robots\" content=\"index, follow, max-snippet:-1, max-image-preview:large, max-video-preview:-1\" \/>\n<link rel=\"canonical\" href=\"https:\/\/www.doctoragibert.com\/es\/dia-mundial-de-linfant-prematur-2019\/\" \/>\n<meta property=\"og:locale\" content=\"es_ES\" \/>\n<meta property=\"og:type\" content=\"article\" \/>\n<meta property=\"og:title\" content=\"Dia Mundial de l&#039;Infant Prematur 2019 - DRA. GIBERT\" \/>\n<meta property=\"og:description\" content=\"Avui, 17 de novembre, se celebra el Dia Mundial de l&#8217;Infant Prematur, una forma de crear consci\u00e8ncia sobre aquest problema. Segur que aquesta loteria li ha tocat a alg\u00fa de la fam\u00edlia, a alguna amiga o ve\u00efnada. Aprofitam l&#8217;avinentesa, per presentar-vos una nova entrada sobre&nbsp;la prematuritat al nostre web, per a que estigueu ben informades [&hellip;]\" \/>\n<meta property=\"og:url\" content=\"https:\/\/www.doctoragibert.com\/es\/dia-mundial-de-linfant-prematur-2019\/\" \/>\n<meta property=\"og:site_name\" content=\"DRA. GIBERT\" \/>\n<meta property=\"article:publisher\" content=\"https:\/\/www.facebook.com\/doctoragibert\" \/>\n<meta property=\"article:published_time\" content=\"2019-11-17T20:06:54+00:00\" \/>\n<meta property=\"article:modified_time\" content=\"2022-11-16T14:07:15+00:00\" \/>\n<meta name=\"author\" content=\"Dra. MJ Gibert\" \/>\n<meta name=\"twitter:label1\" content=\"Escrito por\" \/>\n\t<meta name=\"twitter:data1\" content=\"Dra. MJ Gibert\" \/>\n<script type=\"application\/ld+json\" class=\"yoast-schema-graph\">{\"@context\":\"https:\/\/schema.org\",\"@graph\":[{\"@type\":\"WebPage\",\"@id\":\"https:\/\/www.doctoragibert.com\/es\/dia-mundial-de-linfant-prematur-2019\/\",\"url\":\"https:\/\/www.doctoragibert.com\/es\/dia-mundial-de-linfant-prematur-2019\/\",\"name\":\"Dia Mundial de l'Infant Prematur 2019 - DRA. GIBERT\",\"isPartOf\":{\"@id\":\"https:\/\/www.doctoragibert.com\/es\/#website\"},\"datePublished\":\"2019-11-17T20:06:54+00:00\",\"dateModified\":\"2022-11-16T14:07:15+00:00\",\"author\":{\"@id\":\"https:\/\/www.doctoragibert.com\/es\/#\/schema\/person\/1e6d879351dc4368d77d6731c050bce3\"},\"inLanguage\":\"es\",\"potentialAction\":[{\"@type\":\"ReadAction\",\"target\":[\"https:\/\/www.doctoragibert.com\/es\/dia-mundial-de-linfant-prematur-2019\/\"]}]},{\"@type\":\"WebSite\",\"@id\":\"https:\/\/www.doctoragibert.com\/es\/#website\",\"url\":\"https:\/\/www.doctoragibert.com\/es\/\",\"name\":\"DRA. GIBERT\",\"description\":\"Ginecologia i obstetricia\",\"potentialAction\":[{\"@type\":\"SearchAction\",\"target\":{\"@type\":\"EntryPoint\",\"urlTemplate\":\"https:\/\/www.doctoragibert.com\/es\/?s={search_term_string}\"},\"query-input\":{\"@type\":\"PropertyValueSpecification\",\"valueRequired\":true,\"valueName\":\"search_term_string\"}}],\"inLanguage\":\"es\"},{\"@type\":\"Person\",\"@id\":\"https:\/\/www.doctoragibert.com\/es\/#\/schema\/person\/1e6d879351dc4368d77d6731c050bce3\",\"name\":\"Dra. MJ Gibert\",\"sameAs\":[\"https:\/\/www.doctoragibert.com\"],\"url\":\"https:\/\/www.doctoragibert.com\/es\/author\/dra-mj-gibert\/\"}]}<\/script>\n<!-- \/ Yoast SEO plugin. -->","yoast_head_json":{"title":"Dia Mundial de l'Infant Prematur 2019 - DRA. GIBERT","robots":{"index":"index","follow":"follow","max-snippet":"max-snippet:-1","max-image-preview":"max-image-preview:large","max-video-preview":"max-video-preview:-1"},"canonical":"https:\/\/www.doctoragibert.com\/es\/dia-mundial-de-linfant-prematur-2019\/","og_locale":"es_ES","og_type":"article","og_title":"Dia Mundial de l'Infant Prematur 2019 - DRA. GIBERT","og_description":"Avui, 17 de novembre, se celebra el Dia Mundial de l&#8217;Infant Prematur, una forma de crear consci\u00e8ncia sobre aquest problema. Segur que aquesta loteria li ha tocat a alg\u00fa de la fam\u00edlia, a alguna amiga o ve\u00efnada. Aprofitam l&#8217;avinentesa, per presentar-vos una nova entrada sobre&nbsp;la prematuritat al nostre web, per a que estigueu ben informades [&hellip;]","og_url":"https:\/\/www.doctoragibert.com\/es\/dia-mundial-de-linfant-prematur-2019\/","og_site_name":"DRA. GIBERT","article_publisher":"https:\/\/www.facebook.com\/doctoragibert","article_published_time":"2019-11-17T20:06:54+00:00","article_modified_time":"2022-11-16T14:07:15+00:00","author":"Dra. MJ Gibert","twitter_misc":{"Escrito por":"Dra. MJ Gibert"},"schema":{"@context":"https:\/\/schema.org","@graph":[{"@type":"WebPage","@id":"https:\/\/www.doctoragibert.com\/es\/dia-mundial-de-linfant-prematur-2019\/","url":"https:\/\/www.doctoragibert.com\/es\/dia-mundial-de-linfant-prematur-2019\/","name":"Dia Mundial de l'Infant Prematur 2019 - DRA. GIBERT","isPartOf":{"@id":"https:\/\/www.doctoragibert.com\/es\/#website"},"datePublished":"2019-11-17T20:06:54+00:00","dateModified":"2022-11-16T14:07:15+00:00","author":{"@id":"https:\/\/www.doctoragibert.com\/es\/#\/schema\/person\/1e6d879351dc4368d77d6731c050bce3"},"inLanguage":"es","potentialAction":[{"@type":"ReadAction","target":["https:\/\/www.doctoragibert.com\/es\/dia-mundial-de-linfant-prematur-2019\/"]}]},{"@type":"WebSite","@id":"https:\/\/www.doctoragibert.com\/es\/#website","url":"https:\/\/www.doctoragibert.com\/es\/","name":"DRA. GIBERT","description":"Ginecologia i obstetricia","potentialAction":[{"@type":"SearchAction","target":{"@type":"EntryPoint","urlTemplate":"https:\/\/www.doctoragibert.com\/es\/?s={search_term_string}"},"query-input":{"@type":"PropertyValueSpecification","valueRequired":true,"valueName":"search_term_string"}}],"inLanguage":"es"},{"@type":"Person","@id":"https:\/\/www.doctoragibert.com\/es\/#\/schema\/person\/1e6d879351dc4368d77d6731c050bce3","name":"Dra. MJ Gibert","sameAs":["https:\/\/www.doctoragibert.com"],"url":"https:\/\/www.doctoragibert.com\/es\/author\/dra-mj-gibert\/"}]}},"_links":{"self":[{"href":"https:\/\/www.doctoragibert.com\/es\/wp-json\/wp\/v2\/posts\/11124","targetHints":{"allow":["GET"]}}],"collection":[{"href":"https:\/\/www.doctoragibert.com\/es\/wp-json\/wp\/v2\/posts"}],"about":[{"href":"https:\/\/www.doctoragibert.com\/es\/wp-json\/wp\/v2\/types\/post"}],"author":[{"embeddable":true,"href":"https:\/\/www.doctoragibert.com\/es\/wp-json\/wp\/v2\/users\/12"}],"replies":[{"embeddable":true,"href":"https:\/\/www.doctoragibert.com\/es\/wp-json\/wp\/v2\/comments?post=11124"}],"version-history":[{"count":4,"href":"https:\/\/www.doctoragibert.com\/es\/wp-json\/wp\/v2\/posts\/11124\/revisions"}],"predecessor-version":[{"id":20826,"href":"https:\/\/www.doctoragibert.com\/es\/wp-json\/wp\/v2\/posts\/11124\/revisions\/20826"}],"wp:attachment":[{"href":"https:\/\/www.doctoragibert.com\/es\/wp-json\/wp\/v2\/media?parent=11124"}],"wp:term":[{"taxonomy":"category","embeddable":true,"href":"https:\/\/www.doctoragibert.com\/es\/wp-json\/wp\/v2\/categories?post=11124"},{"taxonomy":"post_tag","embeddable":true,"href":"https:\/\/www.doctoragibert.com\/es\/wp-json\/wp\/v2\/tags?post=11124"}],"curies":[{"name":"wp","href":"https:\/\/api.w.org\/{rel}","templated":true}]}}