{"id":11136,"date":"2019-12-01T21:48:40","date_gmt":"2019-12-01T21:48:40","guid":{"rendered":"https:\/\/www.doctoragibert.com\/1-de-desembre-dia-mundial-de-la-sida-2\/"},"modified":"2022-11-16T14:07:10","modified_gmt":"2022-11-16T14:07:10","slug":"1-de-desembre-dia-mundial-de-la-sida","status":"publish","type":"post","link":"https:\/\/www.doctoragibert.com\/es\/1-de-desembre-dia-mundial-de-la-sida\/","title":{"rendered":"1 de desembre: Dia Mundial de la SIDA"},"content":{"rendered":"<div id=\"js_5ad\" class=\"_5pbx userContent _3576\" data-testid=\"post_message\" data-ft=\"{&quot;tn&quot;:&quot;K&quot;}\">\n<div id=\"id_5de43422939fb3a64903297\" class=\"text_exposed_root\">\n<p>Un any m\u00e9s, contribuint a crear consci\u00e8ncia sobre aquesta malaltia. Per sort, el nombre de casos nous va davallant, amb l&#8217;excepci\u00f3 dels homes gays foranis. De fet, el 85% de nous casos s\u00f3n homes,\u00a0homosexuals o bisexuals, per aix\u00f2, les dones no hem de davallar la gu\u00e0rdia, ninguna estam segura de l&#8217;historial sexual de les nostres parelles.<\/p>\n<p>La prova del VIH \u00e9s sempre al vostre abast tant a la nostra consulta com <a href=\"http:\/\/www.caib.es\/sites\/vihsida\/es\/prueba_vih-35006\/\" target=\"_blank\" rel=\"noopener\">al sector sanitari p\u00fablic<\/a>. <strong>Una\u00a0mai sap si la seva parella \u00abest\u00e0 neta\u00bb<\/strong>, aix\u00ed que una opci\u00f3 \u00e9s comen\u00e7ar les relacions amb una serologia de VIH (virus de la immunodefici\u00e8ncia humana) i d&#8217;altres microbis de transmissi\u00f3 sexual actualitzada de cada membre de la nova parella.<\/p>\n<p>&nbsp;<\/p>\n<p><img fetchpriority=\"high\" decoding=\"async\" class=\"alignright size-full wp-image-11133\" src=\"https:\/\/www.doctoragibert.com\/wp-content\/uploads\/2019\/12\/Dia_SIDA_2019.jpg\" alt=\"WHOWAD2019_infographic_2_800x800_SP\" width=\"800\" height=\"800\" srcset=\"https:\/\/www.doctoragibert.com\/wp-content\/uploads\/2019\/12\/Dia_SIDA_2019.jpg 800w, https:\/\/www.doctoragibert.com\/wp-content\/uploads\/2019\/12\/Dia_SIDA_2019-150x150.jpg 150w, https:\/\/www.doctoragibert.com\/wp-content\/uploads\/2019\/12\/Dia_SIDA_2019-300x300.jpg 300w, https:\/\/www.doctoragibert.com\/wp-content\/uploads\/2019\/12\/Dia_SIDA_2019-768x768.jpg 768w\" sizes=\"(max-width: 800px) 100vw, 800px\" \/><\/p>\n<p><strong>Una novetat d&#8217;enguany \u00e9s la PrEP o profilaxi pr\u00e8via a l&#8217;exposici\u00f3 finan\u00e7ada per la Seguretat Social<\/strong>. La presa d&#8217;una pastilla di\u00e0ria de Truvada(R), mescla de dos medicaments, tenofovir i emtricitabina, prev\u00e9 el contagi si es tenen relacions sexuals sense preservatiu, quan un dels membres de la parella t\u00e9 la infecci\u00f3 o risc de contreure-la. Gr\u00e0cies a aix\u00f2, ja no fa falta fer rentat de semen i fecundaci\u00f3 in vitro als casos en que l&#8217;home sigui portador del VIH, i aix\u00f2, dins la Ginecologia, facilita molt les coses. Aix\u00ed i tot, encara que la infecci\u00f3 per VIH ja \u00e9s una malaltia cr\u00f2nica, no es cura, i millor que no ens la contagi\u00efn, clar.<\/p>\n<\/div>\n<\/div>\n","protected":false},"excerpt":{"rendered":"<p>Un any m\u00e9s, contribuint a crear consci\u00e8ncia sobre aquesta malaltia. Per sort, el nombre de casos nous va davallant, amb l&#8217;excepci\u00f3 dels homes gays foranis. De fet, el 85% de nous casos s\u00f3n homes,\u00a0homosexuals o bisexuals, per aix\u00f2, les dones no hem de davallar la gu\u00e0rdia, ninguna estam segura de l&#8217;historial sexual de les nostres [&hellip;]<\/p>\n","protected":false},"author":12,"featured_media":11134,"comment_status":"closed","ping_status":"closed","sticky":false,"template":"","format":"standard","meta":{"footnotes":""},"categories":[109],"tags":[],"class_list":["post-11136","post","type-post","status-publish","format-standard","has-post-thumbnail","hentry","category-prevencion"],"yoast_head":"<!-- This site is optimized with the Yoast SEO plugin v25.0 - https:\/\/yoast.com\/wordpress\/plugins\/seo\/ -->\n<title>1 de desembre: Dia Mundial de la SIDA - DRA. GIBERT<\/title>\n<meta name=\"robots\" content=\"index, follow, max-snippet:-1, max-image-preview:large, max-video-preview:-1\" \/>\n<link rel=\"canonical\" href=\"https:\/\/www.doctoragibert.com\/es\/1-de-desembre-dia-mundial-de-la-sida\/\" \/>\n<meta property=\"og:locale\" content=\"es_ES\" \/>\n<meta property=\"og:type\" content=\"article\" \/>\n<meta property=\"og:title\" content=\"1 de desembre: Dia Mundial de la SIDA - DRA. GIBERT\" \/>\n<meta property=\"og:description\" content=\"Un any m\u00e9s, contribuint a crear consci\u00e8ncia sobre aquesta malaltia. Per sort, el nombre de casos nous va davallant, amb l&#8217;excepci\u00f3 dels homes gays foranis. De fet, el 85% de nous casos s\u00f3n homes,\u00a0homosexuals o bisexuals, per aix\u00f2, les dones no hem de davallar la gu\u00e0rdia, ninguna estam segura de l&#8217;historial sexual de les nostres [&hellip;]\" \/>\n<meta property=\"og:url\" content=\"https:\/\/www.doctoragibert.com\/es\/1-de-desembre-dia-mundial-de-la-sida\/\" \/>\n<meta property=\"og:site_name\" content=\"DRA. GIBERT\" \/>\n<meta property=\"article:publisher\" content=\"https:\/\/www.facebook.com\/doctoragibert\" \/>\n<meta property=\"article:published_time\" content=\"2019-12-01T21:48:40+00:00\" \/>\n<meta property=\"article:modified_time\" content=\"2022-11-16T14:07:10+00:00\" \/>\n<meta property=\"og:image\" content=\"https:\/\/www.doctoragibert.com\/wp-content\/uploads\/2019\/12\/Dia_SIDA_2019.jpg\" \/>\n\t<meta property=\"og:image:width\" content=\"800\" \/>\n\t<meta property=\"og:image:height\" content=\"800\" \/>\n\t<meta property=\"og:image:type\" content=\"image\/jpeg\" \/>\n<meta name=\"author\" content=\"Dra. MJ Gibert\" \/>\n<meta name=\"twitter:label1\" content=\"Escrito por\" \/>\n\t<meta name=\"twitter:data1\" content=\"Dra. MJ Gibert\" \/>\n\t<meta name=\"twitter:label2\" content=\"Tiempo de lectura\" \/>\n\t<meta name=\"twitter:data2\" content=\"2 minutos\" \/>\n<script type=\"application\/ld+json\" class=\"yoast-schema-graph\">{\"@context\":\"https:\/\/schema.org\",\"@graph\":[{\"@type\":\"WebPage\",\"@id\":\"https:\/\/www.doctoragibert.com\/es\/1-de-desembre-dia-mundial-de-la-sida\/\",\"url\":\"https:\/\/www.doctoragibert.com\/es\/1-de-desembre-dia-mundial-de-la-sida\/\",\"name\":\"1 de desembre: Dia Mundial de la SIDA - DRA. GIBERT\",\"isPartOf\":{\"@id\":\"https:\/\/www.doctoragibert.com\/es\/#website\"},\"primaryImageOfPage\":{\"@id\":\"https:\/\/www.doctoragibert.com\/es\/1-de-desembre-dia-mundial-de-la-sida\/#primaryimage\"},\"image\":{\"@id\":\"https:\/\/www.doctoragibert.com\/es\/1-de-desembre-dia-mundial-de-la-sida\/#primaryimage\"},\"thumbnailUrl\":\"https:\/\/www.doctoragibert.com\/wp-content\/uploads\/2019\/12\/Dia_SIDA_2019.jpg\",\"datePublished\":\"2019-12-01T21:48:40+00:00\",\"dateModified\":\"2022-11-16T14:07:10+00:00\",\"author\":{\"@id\":\"https:\/\/www.doctoragibert.com\/es\/#\/schema\/person\/1e6d879351dc4368d77d6731c050bce3\"},\"inLanguage\":\"es\",\"potentialAction\":[{\"@type\":\"ReadAction\",\"target\":[\"https:\/\/www.doctoragibert.com\/es\/1-de-desembre-dia-mundial-de-la-sida\/\"]}]},{\"@type\":\"ImageObject\",\"inLanguage\":\"es\",\"@id\":\"https:\/\/www.doctoragibert.com\/es\/1-de-desembre-dia-mundial-de-la-sida\/#primaryimage\",\"url\":\"https:\/\/www.doctoragibert.com\/wp-content\/uploads\/2019\/12\/Dia_SIDA_2019.jpg\",\"contentUrl\":\"https:\/\/www.doctoragibert.com\/wp-content\/uploads\/2019\/12\/Dia_SIDA_2019.jpg\",\"width\":800,\"height\":800},{\"@type\":\"WebSite\",\"@id\":\"https:\/\/www.doctoragibert.com\/es\/#website\",\"url\":\"https:\/\/www.doctoragibert.com\/es\/\",\"name\":\"DRA. GIBERT\",\"description\":\"Ginecologia i obstetricia\",\"potentialAction\":[{\"@type\":\"SearchAction\",\"target\":{\"@type\":\"EntryPoint\",\"urlTemplate\":\"https:\/\/www.doctoragibert.com\/es\/?s={search_term_string}\"},\"query-input\":{\"@type\":\"PropertyValueSpecification\",\"valueRequired\":true,\"valueName\":\"search_term_string\"}}],\"inLanguage\":\"es\"},{\"@type\":\"Person\",\"@id\":\"https:\/\/www.doctoragibert.com\/es\/#\/schema\/person\/1e6d879351dc4368d77d6731c050bce3\",\"name\":\"Dra. MJ Gibert\",\"sameAs\":[\"https:\/\/www.doctoragibert.com\"],\"url\":\"https:\/\/www.doctoragibert.com\/es\/author\/dra-mj-gibert\/\"}]}<\/script>\n<!-- \/ Yoast SEO plugin. -->","yoast_head_json":{"title":"1 de desembre: Dia Mundial de la SIDA - DRA. GIBERT","robots":{"index":"index","follow":"follow","max-snippet":"max-snippet:-1","max-image-preview":"max-image-preview:large","max-video-preview":"max-video-preview:-1"},"canonical":"https:\/\/www.doctoragibert.com\/es\/1-de-desembre-dia-mundial-de-la-sida\/","og_locale":"es_ES","og_type":"article","og_title":"1 de desembre: Dia Mundial de la SIDA - DRA. GIBERT","og_description":"Un any m\u00e9s, contribuint a crear consci\u00e8ncia sobre aquesta malaltia. Per sort, el nombre de casos nous va davallant, amb l&#8217;excepci\u00f3 dels homes gays foranis. De fet, el 85% de nous casos s\u00f3n homes,\u00a0homosexuals o bisexuals, per aix\u00f2, les dones no hem de davallar la gu\u00e0rdia, ninguna estam segura de l&#8217;historial sexual de les nostres [&hellip;]","og_url":"https:\/\/www.doctoragibert.com\/es\/1-de-desembre-dia-mundial-de-la-sida\/","og_site_name":"DRA. GIBERT","article_publisher":"https:\/\/www.facebook.com\/doctoragibert","article_published_time":"2019-12-01T21:48:40+00:00","article_modified_time":"2022-11-16T14:07:10+00:00","og_image":[{"width":800,"height":800,"url":"https:\/\/www.doctoragibert.com\/wp-content\/uploads\/2019\/12\/Dia_SIDA_2019.jpg","type":"image\/jpeg"}],"author":"Dra. MJ Gibert","twitter_misc":{"Escrito por":"Dra. MJ Gibert","Tiempo de lectura":"2 minutos"},"schema":{"@context":"https:\/\/schema.org","@graph":[{"@type":"WebPage","@id":"https:\/\/www.doctoragibert.com\/es\/1-de-desembre-dia-mundial-de-la-sida\/","url":"https:\/\/www.doctoragibert.com\/es\/1-de-desembre-dia-mundial-de-la-sida\/","name":"1 de desembre: Dia Mundial de la SIDA - DRA. GIBERT","isPartOf":{"@id":"https:\/\/www.doctoragibert.com\/es\/#website"},"primaryImageOfPage":{"@id":"https:\/\/www.doctoragibert.com\/es\/1-de-desembre-dia-mundial-de-la-sida\/#primaryimage"},"image":{"@id":"https:\/\/www.doctoragibert.com\/es\/1-de-desembre-dia-mundial-de-la-sida\/#primaryimage"},"thumbnailUrl":"https:\/\/www.doctoragibert.com\/wp-content\/uploads\/2019\/12\/Dia_SIDA_2019.jpg","datePublished":"2019-12-01T21:48:40+00:00","dateModified":"2022-11-16T14:07:10+00:00","author":{"@id":"https:\/\/www.doctoragibert.com\/es\/#\/schema\/person\/1e6d879351dc4368d77d6731c050bce3"},"inLanguage":"es","potentialAction":[{"@type":"ReadAction","target":["https:\/\/www.doctoragibert.com\/es\/1-de-desembre-dia-mundial-de-la-sida\/"]}]},{"@type":"ImageObject","inLanguage":"es","@id":"https:\/\/www.doctoragibert.com\/es\/1-de-desembre-dia-mundial-de-la-sida\/#primaryimage","url":"https:\/\/www.doctoragibert.com\/wp-content\/uploads\/2019\/12\/Dia_SIDA_2019.jpg","contentUrl":"https:\/\/www.doctoragibert.com\/wp-content\/uploads\/2019\/12\/Dia_SIDA_2019.jpg","width":800,"height":800},{"@type":"WebSite","@id":"https:\/\/www.doctoragibert.com\/es\/#website","url":"https:\/\/www.doctoragibert.com\/es\/","name":"DRA. GIBERT","description":"Ginecologia i obstetricia","potentialAction":[{"@type":"SearchAction","target":{"@type":"EntryPoint","urlTemplate":"https:\/\/www.doctoragibert.com\/es\/?s={search_term_string}"},"query-input":{"@type":"PropertyValueSpecification","valueRequired":true,"valueName":"search_term_string"}}],"inLanguage":"es"},{"@type":"Person","@id":"https:\/\/www.doctoragibert.com\/es\/#\/schema\/person\/1e6d879351dc4368d77d6731c050bce3","name":"Dra. MJ Gibert","sameAs":["https:\/\/www.doctoragibert.com"],"url":"https:\/\/www.doctoragibert.com\/es\/author\/dra-mj-gibert\/"}]}},"_links":{"self":[{"href":"https:\/\/www.doctoragibert.com\/es\/wp-json\/wp\/v2\/posts\/11136","targetHints":{"allow":["GET"]}}],"collection":[{"href":"https:\/\/www.doctoragibert.com\/es\/wp-json\/wp\/v2\/posts"}],"about":[{"href":"https:\/\/www.doctoragibert.com\/es\/wp-json\/wp\/v2\/types\/post"}],"author":[{"embeddable":true,"href":"https:\/\/www.doctoragibert.com\/es\/wp-json\/wp\/v2\/users\/12"}],"replies":[{"embeddable":true,"href":"https:\/\/www.doctoragibert.com\/es\/wp-json\/wp\/v2\/comments?post=11136"}],"version-history":[{"count":6,"href":"https:\/\/www.doctoragibert.com\/es\/wp-json\/wp\/v2\/posts\/11136\/revisions"}],"predecessor-version":[{"id":18243,"href":"https:\/\/www.doctoragibert.com\/es\/wp-json\/wp\/v2\/posts\/11136\/revisions\/18243"}],"wp:featuredmedia":[{"embeddable":true,"href":"https:\/\/www.doctoragibert.com\/es\/wp-json\/wp\/v2\/media\/11134"}],"wp:attachment":[{"href":"https:\/\/www.doctoragibert.com\/es\/wp-json\/wp\/v2\/media?parent=11136"}],"wp:term":[{"taxonomy":"category","embeddable":true,"href":"https:\/\/www.doctoragibert.com\/es\/wp-json\/wp\/v2\/categories?post=11136"},{"taxonomy":"post_tag","embeddable":true,"href":"https:\/\/www.doctoragibert.com\/es\/wp-json\/wp\/v2\/tags?post=11136"}],"curies":[{"name":"wp","href":"https:\/\/api.w.org\/{rel}","templated":true}]}}