{"id":11508,"date":"2020-10-16T17:58:42","date_gmt":"2020-10-16T17:58:42","guid":{"rendered":"https:\/\/www.doctoragibert.com\/?p=11508"},"modified":"2022-11-16T14:29:47","modified_gmt":"2022-11-16T14:29:47","slug":"octubre-mes-de-la-sensibilitzacio-contra-el-cancer-de-mama-2","status":"publish","type":"post","link":"https:\/\/www.doctoragibert.com\/es\/octubre-mes-de-la-sensibilitzacio-contra-el-cancer-de-mama-2\/","title":{"rendered":"Octubre: mes de la sensibilizaci\u00f3n contra el c\u00e1ncer de mama"},"content":{"rendered":"<p>La Organizaci\u00f3n Mundial de la Salud ha establecido que el mes de octubre se dedique a la prevenci\u00f3n, diagn\u00f3stico precoz y tratamiento del c\u00e1ncer de mama, adem\u00e1s, <strong>el 19 de octubre se celebra el D\u00eda Internacional del C\u00e1ncer de Mama<\/strong>. No en vano, <strong>este c\u00e1ncer es el m\u00e1s frecuente entre la poblaci\u00f3n femenina con diferencia<\/strong>. Para Espa\u00f1a se estiman unos 32.000 casos anuales de este c\u00e1ncer y casi 7.000 muertes, mientras que el c\u00e1ncer de colon afectar\u00eda a unas 18.000 mujeres, el de pulm\u00f3n a algo m\u00e1s de 7.000 y el de \u00fatero (endometrio) a algunas mujeres menos.<br \/>\nComo las enfermedades malignas de la mama son tan frecuentes y, adem\u00e1s, nuestro equipo las diagnostica y trata, <strong>hemos querido apoyar esta gran iniciativa<\/strong> con esta rese\u00f1a y una foto de todo el equipo, pues todos queremos aportar nuestro grano de arena. Para las que nos conoc\u00e9is m\u00e1s, podr\u00e9is ver una cara nueva, la <em>Sra. M\u00f3nica Fajardo<\/em>, que ejercer\u00e1 labores administrativas y a la que damos nuestra m\u00e1s cordial bienvenida.<\/p>\n<p><img fetchpriority=\"high\" decoding=\"async\" class=\"size-full wp-image-11499 alignleft\" src=\"https:\/\/www.doctoragibert.com\/wp-content\/uploads\/2020\/10\/Mama_2020.jpg\" alt=\"\" width=\"600\" height=\"300\" \/><br \/>\n<strong>La gran mayor\u00eda de c\u00e1nceres de mama aparecen al azar, esto es, son espor\u00e1dicos<\/strong>, mientras que el 15% son familiares, y el 5% restante son gen\u00e9ticos o vinculados a la presencia de un gen espec\u00edfico que, en la mitad de los casos, es el gen BRCA que tambi\u00e9n predispone al c\u00e1ncer de ovario. Otros factores que juegan un papel en la aparici\u00f3n del c\u00e1ncer de mama son:<\/p>\n<ul>\n<li>La edad: ello ocurre en todos los c\u00e1nceres que, al fin y al cabo, son el resultado del envejecimiento celular. A mayor edad, m\u00e1s riesgo de c\u00e1ncer. Os lo explicamos <a href=\"https:\/\/www.doctoragibert.com\/cancer-ginecologic\/enfermos-de-cancer-por-que-hay-tantos\/?lang=es\" target=\"_blank\" rel=\"noopener noreferrer\">en otra parte de nuestra web<\/a>.<\/li>\n<li>Ser mujer: el c\u00e1ncer de mama masculino existe, pero, por cada hombre que enferma, lo hacen 100 mujeres. Y es que la mayor\u00eda de c\u00e1nceres de mama dependen de las hormonas femeninas.<\/li>\n<li>La raza: es m\u00e1s frecuente entre las blancas y menos entre las asi\u00e1ticas e hispanoamericanas.<\/li>\n<li>El peso: las obesas y con sobrepeso son m\u00e1s proclives que las de peso normal y las delgadas.<\/li>\n<li>La regla: a m\u00e1s a\u00f1os de regla y, por tanto, de exposici\u00f3n hormonal, m\u00e1s riesgo de c\u00e1ncer de mama.<\/li>\n<li>Los hijos: no tenerlos o ser madre tard\u00eda aumentan el riesgo. Amamantarlos protege contra el c\u00e1ncer de mama.<\/li>\n<li>Los t\u00f3xicos: el alcohol y el tabaco lo favorecen.<\/li>\n<li>La vida saluble: si consumimos una dieta rica en frutas y verduras, y practicamos ejercicio de forma regular disminuimos las posibilidades de contraer un c\u00e1ncer de mama.<\/li>\n<\/ul>\n<p><img decoding=\"async\" class=\"size-full wp-image-11505 alignright\" src=\"https:\/\/www.doctoragibert.com\/wp-content\/uploads\/2020\/10\/Mama_2020_2-1.jpeg\" alt=\"\" width=\"250\" height=\"280\" \/>En definitiva, no podemos hacer demasiado para modificar ciertos factores de riesgo, <strong>s\u00f3lo podemos influir llevando una vida saludable y aspirando a un peso ideal, as\u00ed como amamantando a nuestros hijos.<\/strong><br \/>\nOtro asunto es ser conscientes de que c<strong>ualquier cambio significativo en nuestras mamas necesita una consulta<\/strong>. La autoexploraci\u00f3n mamaria sistem\u00e1tica no parece que salve vidas, en cambio, conocer nuestros pechos, los cambios que ocurren con el ciclo menstrual y hacerles una inspecci\u00f3n somera una vez al mes aproximadamente, mientras nos duchamos o nos aplicamos crema, nos puede ayudar a detectarlo. Les decimos a nuestras pacientes que las mamas son sim\u00e9tricas, como los espejos, y que la distribuci\u00f3n de tejido mamario var\u00eda, siendo m\u00e1s abundante cerca de la axila y menos en las partes de la mama m\u00e1s pr\u00f3ximas al escote. Si la textura de las zonas sim\u00e9tricas de la mama es parecida, no debemos preocuparnos. Al contrario, si una zona tiene una textura muy diferente de la otra, o bien, si nos notamos un n\u00f3dulo de 1 cm o m\u00e1s, lo primero que hay que hacer es esperar a que nos venga la regla y que el pecho pierda su turgencia. Si aun as\u00ed, el pecho sigue con los cambios percibidos, entonces ha llegado el momento de visitar a nuestro m\u00e9dico de confianza.<br \/>\nEn cuanto a <strong>las mamograf\u00edas<\/strong>, es \u00fatil realiz\u00e1rselas <a href=\"https:\/\/www.doctoragibert.com\/prevencio-en-ginecologia\/cancer-de-mama-quan-shan-de-fer-mamografies\/?lang=es\" target=\"_blank\" rel=\"noopener noreferrer\">cada dos a\u00f1os entre los 50 y 69 a\u00f1os<\/a> como regla general. A las m\u00e1s j\u00f3venes, les solicitamos tambi\u00e9n una ecograf\u00eda para el mejor estudio de la mama, pues suele ser densa; mientras que en las que son algo m\u00e1s mayores, les seguimos solicitando algunas mamograf\u00edas, incluso m\u00e1s all\u00e1 de los 70 a\u00f1os, mientras gocen de buena salud.<br \/>\nEn nuestra consulta, os animamos a que os ocup\u00e9is de vuestro cuerpo y, si hay problemas, nos ponemos manos a la obra para solucionarlos. <a href=\"https:\/\/www.doctoragibert.com\/cancer-de-mama\/cirurgia-del-cancer-de-mama-el-mes-frequent-es-lextirpacio-del-tumor-i-del-gangli-sentinella\/?lang=es\" target=\"_blank\" rel=\"noopener noreferrer\">Operamos la mama<\/a>, priorizando las cicatrices poco visibles y la conservaci\u00f3n de la misma. Pensamos que, si una llega a tener un c\u00e1ncer de mama, lo mejor es que el pecho afectado quede en unas condiciones \u00f3ptimas tanto de salud como est\u00e9ticas.<\/p>\n","protected":false},"excerpt":{"rendered":"<p>La Organizaci\u00f3n Mundial de la Salud ha establecido que el mes de octubre se dedique a la prevenci\u00f3n, diagn\u00f3stico precoz y tratamiento del c\u00e1ncer de mama, adem\u00e1s, el 19 de octubre se celebra el D\u00eda Internacional del C\u00e1ncer de Mama. No en vano, este c\u00e1ncer es el m\u00e1s frecuente entre la poblaci\u00f3n femenina con diferencia. [&hellip;]<\/p>\n","protected":false},"author":29996,"featured_media":0,"comment_status":"closed","ping_status":"closed","sticky":false,"template":"","format":"standard","meta":{"footnotes":""},"categories":[1],"tags":[],"class_list":["post-11508","post","type-post","status-publish","format-standard","hentry","category-sin-categoria"],"yoast_head":"<!-- This site is optimized with the Yoast SEO plugin v25.0 - https:\/\/yoast.com\/wordpress\/plugins\/seo\/ -->\n<title>Octubre: mes de la sensibilizaci\u00f3n contra el c\u00e1ncer de mama - DRA. GIBERT<\/title>\n<meta name=\"robots\" content=\"index, follow, max-snippet:-1, max-image-preview:large, max-video-preview:-1\" \/>\n<link rel=\"canonical\" href=\"https:\/\/www.doctoragibert.com\/es\/octubre-mes-de-la-sensibilitzacio-contra-el-cancer-de-mama-2\/\" \/>\n<meta property=\"og:locale\" content=\"es_ES\" \/>\n<meta property=\"og:type\" content=\"article\" \/>\n<meta property=\"og:title\" content=\"Octubre: mes de la sensibilizaci\u00f3n contra el c\u00e1ncer de mama - DRA. GIBERT\" \/>\n<meta property=\"og:description\" content=\"La Organizaci\u00f3n Mundial de la Salud ha establecido que el mes de octubre se dedique a la prevenci\u00f3n, diagn\u00f3stico precoz y tratamiento del c\u00e1ncer de mama, adem\u00e1s, el 19 de octubre se celebra el D\u00eda Internacional del C\u00e1ncer de Mama. No en vano, este c\u00e1ncer es el m\u00e1s frecuente entre la poblaci\u00f3n femenina con diferencia. [&hellip;]\" \/>\n<meta property=\"og:url\" content=\"https:\/\/www.doctoragibert.com\/es\/octubre-mes-de-la-sensibilitzacio-contra-el-cancer-de-mama-2\/\" \/>\n<meta property=\"og:site_name\" content=\"DRA. GIBERT\" \/>\n<meta property=\"article:publisher\" content=\"https:\/\/www.facebook.com\/doctoragibert\" \/>\n<meta property=\"article:published_time\" content=\"2020-10-16T17:58:42+00:00\" \/>\n<meta property=\"article:modified_time\" content=\"2022-11-16T14:29:47+00:00\" \/>\n<meta property=\"og:image\" content=\"https:\/\/www.doctoragibert.com\/wp-content\/uploads\/2020\/10\/Mama_2020.jpg\" \/>\n<meta name=\"author\" content=\"miquel som2\" \/>\n<meta name=\"twitter:label1\" content=\"Escrito por\" \/>\n\t<meta name=\"twitter:data1\" content=\"miquel som2\" \/>\n\t<meta name=\"twitter:label2\" content=\"Tiempo de lectura\" \/>\n\t<meta name=\"twitter:data2\" content=\"4 minutos\" \/>\n<script type=\"application\/ld+json\" class=\"yoast-schema-graph\">{\"@context\":\"https:\/\/schema.org\",\"@graph\":[{\"@type\":\"WebPage\",\"@id\":\"https:\/\/www.doctoragibert.com\/es\/octubre-mes-de-la-sensibilitzacio-contra-el-cancer-de-mama-2\/\",\"url\":\"https:\/\/www.doctoragibert.com\/es\/octubre-mes-de-la-sensibilitzacio-contra-el-cancer-de-mama-2\/\",\"name\":\"Octubre: mes de la sensibilizaci\u00f3n contra el c\u00e1ncer de mama - DRA. GIBERT\",\"isPartOf\":{\"@id\":\"https:\/\/www.doctoragibert.com\/es\/#website\"},\"primaryImageOfPage\":{\"@id\":\"https:\/\/www.doctoragibert.com\/es\/octubre-mes-de-la-sensibilitzacio-contra-el-cancer-de-mama-2\/#primaryimage\"},\"image\":{\"@id\":\"https:\/\/www.doctoragibert.com\/es\/octubre-mes-de-la-sensibilitzacio-contra-el-cancer-de-mama-2\/#primaryimage\"},\"thumbnailUrl\":\"https:\/\/www.doctoragibert.com\/wp-content\/uploads\/2020\/10\/Mama_2020.jpg\",\"datePublished\":\"2020-10-16T17:58:42+00:00\",\"dateModified\":\"2022-11-16T14:29:47+00:00\",\"author\":{\"@id\":\"https:\/\/www.doctoragibert.com\/es\/#\/schema\/person\/116011a21eb8ec14c3abfc9bfe114968\"},\"inLanguage\":\"es\",\"potentialAction\":[{\"@type\":\"ReadAction\",\"target\":[\"https:\/\/www.doctoragibert.com\/es\/octubre-mes-de-la-sensibilitzacio-contra-el-cancer-de-mama-2\/\"]}]},{\"@type\":\"ImageObject\",\"inLanguage\":\"es\",\"@id\":\"https:\/\/www.doctoragibert.com\/es\/octubre-mes-de-la-sensibilitzacio-contra-el-cancer-de-mama-2\/#primaryimage\",\"url\":\"https:\/\/www.doctoragibert.com\/wp-content\/uploads\/2020\/10\/Mama_2020.jpg\",\"contentUrl\":\"https:\/\/www.doctoragibert.com\/wp-content\/uploads\/2020\/10\/Mama_2020.jpg\"},{\"@type\":\"WebSite\",\"@id\":\"https:\/\/www.doctoragibert.com\/es\/#website\",\"url\":\"https:\/\/www.doctoragibert.com\/es\/\",\"name\":\"DRA. GIBERT\",\"description\":\"Ginecologia i obstetricia\",\"potentialAction\":[{\"@type\":\"SearchAction\",\"target\":{\"@type\":\"EntryPoint\",\"urlTemplate\":\"https:\/\/www.doctoragibert.com\/es\/?s={search_term_string}\"},\"query-input\":{\"@type\":\"PropertyValueSpecification\",\"valueRequired\":true,\"valueName\":\"search_term_string\"}}],\"inLanguage\":\"es\"},{\"@type\":\"Person\",\"@id\":\"https:\/\/www.doctoragibert.com\/es\/#\/schema\/person\/116011a21eb8ec14c3abfc9bfe114968\",\"name\":\"miquel som2\",\"url\":\"https:\/\/www.doctoragibert.com\/es\/author\/miquel-som2\/\"}]}<\/script>\n<!-- \/ Yoast SEO plugin. -->","yoast_head_json":{"title":"Octubre: mes de la sensibilizaci\u00f3n contra el c\u00e1ncer de mama - DRA. GIBERT","robots":{"index":"index","follow":"follow","max-snippet":"max-snippet:-1","max-image-preview":"max-image-preview:large","max-video-preview":"max-video-preview:-1"},"canonical":"https:\/\/www.doctoragibert.com\/es\/octubre-mes-de-la-sensibilitzacio-contra-el-cancer-de-mama-2\/","og_locale":"es_ES","og_type":"article","og_title":"Octubre: mes de la sensibilizaci\u00f3n contra el c\u00e1ncer de mama - DRA. GIBERT","og_description":"La Organizaci\u00f3n Mundial de la Salud ha establecido que el mes de octubre se dedique a la prevenci\u00f3n, diagn\u00f3stico precoz y tratamiento del c\u00e1ncer de mama, adem\u00e1s, el 19 de octubre se celebra el D\u00eda Internacional del C\u00e1ncer de Mama. No en vano, este c\u00e1ncer es el m\u00e1s frecuente entre la poblaci\u00f3n femenina con diferencia. [&hellip;]","og_url":"https:\/\/www.doctoragibert.com\/es\/octubre-mes-de-la-sensibilitzacio-contra-el-cancer-de-mama-2\/","og_site_name":"DRA. GIBERT","article_publisher":"https:\/\/www.facebook.com\/doctoragibert","article_published_time":"2020-10-16T17:58:42+00:00","article_modified_time":"2022-11-16T14:29:47+00:00","og_image":[{"url":"https:\/\/www.doctoragibert.com\/wp-content\/uploads\/2020\/10\/Mama_2020.jpg","type":"","width":"","height":""}],"author":"miquel som2","twitter_misc":{"Escrito por":"miquel som2","Tiempo de lectura":"4 minutos"},"schema":{"@context":"https:\/\/schema.org","@graph":[{"@type":"WebPage","@id":"https:\/\/www.doctoragibert.com\/es\/octubre-mes-de-la-sensibilitzacio-contra-el-cancer-de-mama-2\/","url":"https:\/\/www.doctoragibert.com\/es\/octubre-mes-de-la-sensibilitzacio-contra-el-cancer-de-mama-2\/","name":"Octubre: mes de la sensibilizaci\u00f3n contra el c\u00e1ncer de mama - DRA. GIBERT","isPartOf":{"@id":"https:\/\/www.doctoragibert.com\/es\/#website"},"primaryImageOfPage":{"@id":"https:\/\/www.doctoragibert.com\/es\/octubre-mes-de-la-sensibilitzacio-contra-el-cancer-de-mama-2\/#primaryimage"},"image":{"@id":"https:\/\/www.doctoragibert.com\/es\/octubre-mes-de-la-sensibilitzacio-contra-el-cancer-de-mama-2\/#primaryimage"},"thumbnailUrl":"https:\/\/www.doctoragibert.com\/wp-content\/uploads\/2020\/10\/Mama_2020.jpg","datePublished":"2020-10-16T17:58:42+00:00","dateModified":"2022-11-16T14:29:47+00:00","author":{"@id":"https:\/\/www.doctoragibert.com\/es\/#\/schema\/person\/116011a21eb8ec14c3abfc9bfe114968"},"inLanguage":"es","potentialAction":[{"@type":"ReadAction","target":["https:\/\/www.doctoragibert.com\/es\/octubre-mes-de-la-sensibilitzacio-contra-el-cancer-de-mama-2\/"]}]},{"@type":"ImageObject","inLanguage":"es","@id":"https:\/\/www.doctoragibert.com\/es\/octubre-mes-de-la-sensibilitzacio-contra-el-cancer-de-mama-2\/#primaryimage","url":"https:\/\/www.doctoragibert.com\/wp-content\/uploads\/2020\/10\/Mama_2020.jpg","contentUrl":"https:\/\/www.doctoragibert.com\/wp-content\/uploads\/2020\/10\/Mama_2020.jpg"},{"@type":"WebSite","@id":"https:\/\/www.doctoragibert.com\/es\/#website","url":"https:\/\/www.doctoragibert.com\/es\/","name":"DRA. GIBERT","description":"Ginecologia i obstetricia","potentialAction":[{"@type":"SearchAction","target":{"@type":"EntryPoint","urlTemplate":"https:\/\/www.doctoragibert.com\/es\/?s={search_term_string}"},"query-input":{"@type":"PropertyValueSpecification","valueRequired":true,"valueName":"search_term_string"}}],"inLanguage":"es"},{"@type":"Person","@id":"https:\/\/www.doctoragibert.com\/es\/#\/schema\/person\/116011a21eb8ec14c3abfc9bfe114968","name":"miquel som2","url":"https:\/\/www.doctoragibert.com\/es\/author\/miquel-som2\/"}]}},"_links":{"self":[{"href":"https:\/\/www.doctoragibert.com\/es\/wp-json\/wp\/v2\/posts\/11508","targetHints":{"allow":["GET"]}}],"collection":[{"href":"https:\/\/www.doctoragibert.com\/es\/wp-json\/wp\/v2\/posts"}],"about":[{"href":"https:\/\/www.doctoragibert.com\/es\/wp-json\/wp\/v2\/types\/post"}],"author":[{"embeddable":true,"href":"https:\/\/www.doctoragibert.com\/es\/wp-json\/wp\/v2\/users\/29996"}],"replies":[{"embeddable":true,"href":"https:\/\/www.doctoragibert.com\/es\/wp-json\/wp\/v2\/comments?post=11508"}],"version-history":[{"count":1,"href":"https:\/\/www.doctoragibert.com\/es\/wp-json\/wp\/v2\/posts\/11508\/revisions"}],"predecessor-version":[{"id":14940,"href":"https:\/\/www.doctoragibert.com\/es\/wp-json\/wp\/v2\/posts\/11508\/revisions\/14940"}],"wp:attachment":[{"href":"https:\/\/www.doctoragibert.com\/es\/wp-json\/wp\/v2\/media?parent=11508"}],"wp:term":[{"taxonomy":"category","embeddable":true,"href":"https:\/\/www.doctoragibert.com\/es\/wp-json\/wp\/v2\/categories?post=11508"},{"taxonomy":"post_tag","embeddable":true,"href":"https:\/\/www.doctoragibert.com\/es\/wp-json\/wp\/v2\/tags?post=11508"}],"curies":[{"name":"wp","href":"https:\/\/api.w.org\/{rel}","templated":true}]}}