{"id":11973,"date":"2021-05-30T23:16:25","date_gmt":"2021-05-30T23:16:25","guid":{"rendered":"https:\/\/www.doctoragibert.com\/31-de-maig-dia-internacional-sense-tabac-2\/"},"modified":"2021-11-02T12:04:16","modified_gmt":"2021-11-02T12:04:16","slug":"31-de-maig-dia-internacional-sense-tabac-2","status":"publish","type":"post","link":"https:\/\/www.doctoragibert.com\/es\/31-de-maig-dia-internacional-sense-tabac-2\/","title":{"rendered":"31 de mayo: D\u00eda Mundial Sin Tabaco"},"content":{"rendered":"<p>\t\t\t\tLa Organizaci\u00f3n Mundial de la Salud propone cada a\u00f1o un lema distinto. En 2021 es: \u00abMe comprometo a dejar el tabaco\u00bb.<br \/>\n<img fetchpriority=\"high\" decoding=\"async\" class=\"alignright size-full wp-image-11967\" src=\"https:\/\/www.doctoragibert.com\/wp-content\/uploads\/2021\/05\/sostituirlo-no-es-dejarlo.gif\" alt=\"\" width=\"300\" height=\"300\"><\/p>\n<p>La campa\u00f1a de este a\u00f1o se desarrolla en torno a la pandemia de la COVID-19, pues los fumadores son un grupo de m\u00e1s riesgo de enfermedad severa y muerte.<br \/>\nParece que, poco a poco, empezamos a dejar la pandemia atr\u00e1s y aunque no nos podemos relajar, ni much\u00edsimo menos, ya toca recuperar otros aspectos que hay que cuidar si queremos disfrutar de cantidad y calidad de vida.<\/p>\n<p>&nbsp;<\/p>\n<p>Ya sab\u00e9is que uno de mis temas preferidos es el c\u00e1ncer y su prevenci\u00f3n. Y dejar de fumar es una parte muy importante porque <strong>EL TABACO ES LA PRINCIPAL CAUSA DE C\u00c1NCER Y DE MUERTE POR C\u00c1NCER. <\/strong><\/p>\n<p><strong>\u00bfCu\u00e1ntos c\u00e1nceres hay relacionados con el tabaco?<\/strong> Los de boca, garganta, es\u00f3fago, est\u00f3mago, colorrectal, h\u00edgado, p\u00e1ncreas, laringe, pulmones, ri\u00f1ones, vejiga, cuello uterino, mucinoso de ovario y la leucemia miel\u00f3gena aguda.<\/p>\n<p>Al dejar de fumar el riesgo de padecer un c\u00e1ncer ligado a su uso va bajando paulatinamente, as\u00ed:<\/p>\n<ul>\n<li>Dentro de los 5 a 10 a\u00f1os de haber dejado de fumar, la probabilidad de presentar c\u00e1ncer de boca y v\u00edas respiratorias altas se reduce a la mitad y a los 20 a\u00f1os el riesgo casi se iguala con una persona no fumadora.<\/li>\n<li>A los 10 a\u00f1os, bajan los riesgos de c\u00e1ncer de ri\u00f1\u00f3n, vejiga y es\u00f3fago.<\/li>\n<li>A los 10-15 a\u00f1os, el riesgo de c\u00e1ncer de pulm\u00f3n disminuye a la mitad.<\/li>\n<\/ul>\n<p>&nbsp;<\/p>\n<p>Entonces, esperamos volverte a ver por la consulta y que nos cuentes lo bien que te encuentras desde que no fumas.<br \/>\nY tambi\u00e9n te animamos a que firmes en la p\u00e1gina de la OMS: <a href=\"https:\/\/www.who.int\/teams\/health-promotion\/tobacco-control\/i-pledge-to-quit-tobacco\">\u00abMe comprometo a dejar el tabaco.\u00bb<\/a>, \u00a1hazlo saber!\t\t<\/p>\n","protected":false},"excerpt":{"rendered":"<p>La Organizaci\u00f3n Mundial de la Salud propone cada a\u00f1o un lema distinto. En 2021 es: \u00abMe comprometo a dejar el tabaco\u00bb. La campa\u00f1a de este a\u00f1o se desarrolla en torno a la pandemia de la COVID-19, pues los fumadores son un grupo de m\u00e1s riesgo de enfermedad severa y muerte. Parece que, poco a poco, [&hellip;]<\/p>\n","protected":false},"author":29996,"featured_media":0,"comment_status":"closed","ping_status":"open","sticky":false,"template":"","format":"standard","meta":{"footnotes":""},"categories":[1],"tags":[],"class_list":["post-11973","post","type-post","status-publish","format-standard","hentry","category-sin-categoria"],"yoast_head":"<!-- This site is optimized with the Yoast SEO plugin v25.0 - https:\/\/yoast.com\/wordpress\/plugins\/seo\/ -->\n<title>31 de mayo: D\u00eda Mundial Sin Tabaco - DRA. GIBERT<\/title>\n<meta name=\"robots\" content=\"index, follow, max-snippet:-1, max-image-preview:large, max-video-preview:-1\" \/>\n<link rel=\"canonical\" href=\"https:\/\/www.doctoragibert.com\/es\/31-de-maig-dia-internacional-sense-tabac-2\/\" \/>\n<meta property=\"og:locale\" content=\"es_ES\" \/>\n<meta property=\"og:type\" content=\"article\" \/>\n<meta property=\"og:title\" content=\"31 de mayo: D\u00eda Mundial Sin Tabaco - DRA. GIBERT\" \/>\n<meta property=\"og:description\" content=\"La Organizaci\u00f3n Mundial de la Salud propone cada a\u00f1o un lema distinto. En 2021 es: \u00abMe comprometo a dejar el tabaco\u00bb. La campa\u00f1a de este a\u00f1o se desarrolla en torno a la pandemia de la COVID-19, pues los fumadores son un grupo de m\u00e1s riesgo de enfermedad severa y muerte. Parece que, poco a poco, [&hellip;]\" \/>\n<meta property=\"og:url\" content=\"https:\/\/www.doctoragibert.com\/es\/31-de-maig-dia-internacional-sense-tabac-2\/\" \/>\n<meta property=\"og:site_name\" content=\"DRA. GIBERT\" \/>\n<meta property=\"article:publisher\" content=\"https:\/\/www.facebook.com\/doctoragibert\" \/>\n<meta property=\"article:published_time\" content=\"2021-05-30T23:16:25+00:00\" \/>\n<meta property=\"article:modified_time\" content=\"2021-11-02T12:04:16+00:00\" \/>\n<meta property=\"og:image\" content=\"https:\/\/www.doctoragibert.com\/wp-content\/uploads\/2021\/05\/sostituirlo-no-es-dejarlo.gif\" \/>\n<meta name=\"author\" content=\"miquel som2\" \/>\n<meta name=\"twitter:label1\" content=\"Escrito por\" \/>\n\t<meta name=\"twitter:data1\" content=\"miquel som2\" \/>\n\t<meta name=\"twitter:label2\" content=\"Tiempo de lectura\" \/>\n\t<meta name=\"twitter:data2\" content=\"2 minutos\" \/>\n<script type=\"application\/ld+json\" class=\"yoast-schema-graph\">{\"@context\":\"https:\/\/schema.org\",\"@graph\":[{\"@type\":\"WebPage\",\"@id\":\"https:\/\/www.doctoragibert.com\/es\/31-de-maig-dia-internacional-sense-tabac-2\/\",\"url\":\"https:\/\/www.doctoragibert.com\/es\/31-de-maig-dia-internacional-sense-tabac-2\/\",\"name\":\"31 de mayo: D\u00eda Mundial Sin Tabaco - DRA. GIBERT\",\"isPartOf\":{\"@id\":\"https:\/\/www.doctoragibert.com\/es\/#website\"},\"primaryImageOfPage\":{\"@id\":\"https:\/\/www.doctoragibert.com\/es\/31-de-maig-dia-internacional-sense-tabac-2\/#primaryimage\"},\"image\":{\"@id\":\"https:\/\/www.doctoragibert.com\/es\/31-de-maig-dia-internacional-sense-tabac-2\/#primaryimage\"},\"thumbnailUrl\":\"https:\/\/www.doctoragibert.com\/wp-content\/uploads\/2021\/05\/sostituirlo-no-es-dejarlo.gif\",\"datePublished\":\"2021-05-30T23:16:25+00:00\",\"dateModified\":\"2021-11-02T12:04:16+00:00\",\"author\":{\"@id\":\"https:\/\/www.doctoragibert.com\/es\/#\/schema\/person\/116011a21eb8ec14c3abfc9bfe114968\"},\"inLanguage\":\"es\",\"potentialAction\":[{\"@type\":\"ReadAction\",\"target\":[\"https:\/\/www.doctoragibert.com\/es\/31-de-maig-dia-internacional-sense-tabac-2\/\"]}]},{\"@type\":\"ImageObject\",\"inLanguage\":\"es\",\"@id\":\"https:\/\/www.doctoragibert.com\/es\/31-de-maig-dia-internacional-sense-tabac-2\/#primaryimage\",\"url\":\"https:\/\/www.doctoragibert.com\/wp-content\/uploads\/2021\/05\/sostituirlo-no-es-dejarlo.gif\",\"contentUrl\":\"https:\/\/www.doctoragibert.com\/wp-content\/uploads\/2021\/05\/sostituirlo-no-es-dejarlo.gif\"},{\"@type\":\"WebSite\",\"@id\":\"https:\/\/www.doctoragibert.com\/es\/#website\",\"url\":\"https:\/\/www.doctoragibert.com\/es\/\",\"name\":\"DRA. GIBERT\",\"description\":\"Ginecologia i obstetricia\",\"potentialAction\":[{\"@type\":\"SearchAction\",\"target\":{\"@type\":\"EntryPoint\",\"urlTemplate\":\"https:\/\/www.doctoragibert.com\/es\/?s={search_term_string}\"},\"query-input\":{\"@type\":\"PropertyValueSpecification\",\"valueRequired\":true,\"valueName\":\"search_term_string\"}}],\"inLanguage\":\"es\"},{\"@type\":\"Person\",\"@id\":\"https:\/\/www.doctoragibert.com\/es\/#\/schema\/person\/116011a21eb8ec14c3abfc9bfe114968\",\"name\":\"miquel som2\",\"url\":\"https:\/\/www.doctoragibert.com\/es\/author\/miquel-som2\/\"}]}<\/script>\n<!-- \/ Yoast SEO plugin. -->","yoast_head_json":{"title":"31 de mayo: D\u00eda Mundial Sin Tabaco - DRA. GIBERT","robots":{"index":"index","follow":"follow","max-snippet":"max-snippet:-1","max-image-preview":"max-image-preview:large","max-video-preview":"max-video-preview:-1"},"canonical":"https:\/\/www.doctoragibert.com\/es\/31-de-maig-dia-internacional-sense-tabac-2\/","og_locale":"es_ES","og_type":"article","og_title":"31 de mayo: D\u00eda Mundial Sin Tabaco - DRA. GIBERT","og_description":"La Organizaci\u00f3n Mundial de la Salud propone cada a\u00f1o un lema distinto. En 2021 es: \u00abMe comprometo a dejar el tabaco\u00bb. La campa\u00f1a de este a\u00f1o se desarrolla en torno a la pandemia de la COVID-19, pues los fumadores son un grupo de m\u00e1s riesgo de enfermedad severa y muerte. Parece que, poco a poco, [&hellip;]","og_url":"https:\/\/www.doctoragibert.com\/es\/31-de-maig-dia-internacional-sense-tabac-2\/","og_site_name":"DRA. GIBERT","article_publisher":"https:\/\/www.facebook.com\/doctoragibert","article_published_time":"2021-05-30T23:16:25+00:00","article_modified_time":"2021-11-02T12:04:16+00:00","og_image":[{"url":"https:\/\/www.doctoragibert.com\/wp-content\/uploads\/2021\/05\/sostituirlo-no-es-dejarlo.gif","type":"","width":"","height":""}],"author":"miquel som2","twitter_misc":{"Escrito por":"miquel som2","Tiempo de lectura":"2 minutos"},"schema":{"@context":"https:\/\/schema.org","@graph":[{"@type":"WebPage","@id":"https:\/\/www.doctoragibert.com\/es\/31-de-maig-dia-internacional-sense-tabac-2\/","url":"https:\/\/www.doctoragibert.com\/es\/31-de-maig-dia-internacional-sense-tabac-2\/","name":"31 de mayo: D\u00eda Mundial Sin Tabaco - DRA. GIBERT","isPartOf":{"@id":"https:\/\/www.doctoragibert.com\/es\/#website"},"primaryImageOfPage":{"@id":"https:\/\/www.doctoragibert.com\/es\/31-de-maig-dia-internacional-sense-tabac-2\/#primaryimage"},"image":{"@id":"https:\/\/www.doctoragibert.com\/es\/31-de-maig-dia-internacional-sense-tabac-2\/#primaryimage"},"thumbnailUrl":"https:\/\/www.doctoragibert.com\/wp-content\/uploads\/2021\/05\/sostituirlo-no-es-dejarlo.gif","datePublished":"2021-05-30T23:16:25+00:00","dateModified":"2021-11-02T12:04:16+00:00","author":{"@id":"https:\/\/www.doctoragibert.com\/es\/#\/schema\/person\/116011a21eb8ec14c3abfc9bfe114968"},"inLanguage":"es","potentialAction":[{"@type":"ReadAction","target":["https:\/\/www.doctoragibert.com\/es\/31-de-maig-dia-internacional-sense-tabac-2\/"]}]},{"@type":"ImageObject","inLanguage":"es","@id":"https:\/\/www.doctoragibert.com\/es\/31-de-maig-dia-internacional-sense-tabac-2\/#primaryimage","url":"https:\/\/www.doctoragibert.com\/wp-content\/uploads\/2021\/05\/sostituirlo-no-es-dejarlo.gif","contentUrl":"https:\/\/www.doctoragibert.com\/wp-content\/uploads\/2021\/05\/sostituirlo-no-es-dejarlo.gif"},{"@type":"WebSite","@id":"https:\/\/www.doctoragibert.com\/es\/#website","url":"https:\/\/www.doctoragibert.com\/es\/","name":"DRA. GIBERT","description":"Ginecologia i obstetricia","potentialAction":[{"@type":"SearchAction","target":{"@type":"EntryPoint","urlTemplate":"https:\/\/www.doctoragibert.com\/es\/?s={search_term_string}"},"query-input":{"@type":"PropertyValueSpecification","valueRequired":true,"valueName":"search_term_string"}}],"inLanguage":"es"},{"@type":"Person","@id":"https:\/\/www.doctoragibert.com\/es\/#\/schema\/person\/116011a21eb8ec14c3abfc9bfe114968","name":"miquel som2","url":"https:\/\/www.doctoragibert.com\/es\/author\/miquel-som2\/"}]}},"_links":{"self":[{"href":"https:\/\/www.doctoragibert.com\/es\/wp-json\/wp\/v2\/posts\/11973","targetHints":{"allow":["GET"]}}],"collection":[{"href":"https:\/\/www.doctoragibert.com\/es\/wp-json\/wp\/v2\/posts"}],"about":[{"href":"https:\/\/www.doctoragibert.com\/es\/wp-json\/wp\/v2\/types\/post"}],"author":[{"embeddable":true,"href":"https:\/\/www.doctoragibert.com\/es\/wp-json\/wp\/v2\/users\/29996"}],"replies":[{"embeddable":true,"href":"https:\/\/www.doctoragibert.com\/es\/wp-json\/wp\/v2\/comments?post=11973"}],"version-history":[{"count":1,"href":"https:\/\/www.doctoragibert.com\/es\/wp-json\/wp\/v2\/posts\/11973\/revisions"}],"predecessor-version":[{"id":18519,"href":"https:\/\/www.doctoragibert.com\/es\/wp-json\/wp\/v2\/posts\/11973\/revisions\/18519"}],"wp:attachment":[{"href":"https:\/\/www.doctoragibert.com\/es\/wp-json\/wp\/v2\/media?parent=11973"}],"wp:term":[{"taxonomy":"category","embeddable":true,"href":"https:\/\/www.doctoragibert.com\/es\/wp-json\/wp\/v2\/categories?post=11973"},{"taxonomy":"post_tag","embeddable":true,"href":"https:\/\/www.doctoragibert.com\/es\/wp-json\/wp\/v2\/tags?post=11973"}],"curies":[{"name":"wp","href":"https:\/\/api.w.org\/{rel}","templated":true}]}}