{"id":19426,"date":"2022-02-04T01:12:06","date_gmt":"2022-02-04T01:12:06","guid":{"rendered":"https:\/\/www.doctoragibert.com\/?p=19426"},"modified":"2022-02-19T23:41:00","modified_gmt":"2022-02-19T23:41:00","slug":"dia-mundial-contra-cancer-2022","status":"publish","type":"post","link":"https:\/\/www.doctoragibert.com\/es\/dia-mundial-contra-cancer-2022\/","title":{"rendered":"Cada 4 de febrero: D\u00eda Mundial contra el C\u00e1ncer"},"content":{"rendered":"<p><img fetchpriority=\"high\" decoding=\"async\" class=\"alignright size-full wp-image-19427\" src=\"https:\/\/www.doctoragibert.com\/wp-content\/uploads\/2022\/02\/WCD_22_1.jpg\" alt=\"\" width=\"450\" height=\"450\" srcset=\"https:\/\/www.doctoragibert.com\/wp-content\/uploads\/2022\/02\/WCD_22_1.jpg 2479w, https:\/\/www.doctoragibert.com\/wp-content\/uploads\/2022\/02\/WCD_22_1-300x300.jpg 300w, https:\/\/www.doctoragibert.com\/wp-content\/uploads\/2022\/02\/WCD_22_1-1024x1024.jpg 1024w, https:\/\/www.doctoragibert.com\/wp-content\/uploads\/2022\/02\/WCD_22_1-150x150.jpg 150w, https:\/\/www.doctoragibert.com\/wp-content\/uploads\/2022\/02\/WCD_22_1-768x768.jpg 768w, https:\/\/www.doctoragibert.com\/wp-content\/uploads\/2022\/02\/WCD_22_1-1536x1536.jpg 1536w, https:\/\/www.doctoragibert.com\/wp-content\/uploads\/2022\/02\/WCD_22_1-2048x2048.jpg 2048w\" sizes=\"(max-width: 450px) 100vw, 450px\" \/><img decoding=\"async\" class=\"alignright size-full wp-image-19429\" src=\"https:\/\/www.doctoragibert.com\/wp-content\/uploads\/2022\/02\/WCD_22_2.jpg\" alt=\"\" width=\"450\" height=\"450\" srcset=\"https:\/\/www.doctoragibert.com\/wp-content\/uploads\/2022\/02\/WCD_22_2.jpg 2479w, https:\/\/www.doctoragibert.com\/wp-content\/uploads\/2022\/02\/WCD_22_2-300x300.jpg 300w, https:\/\/www.doctoragibert.com\/wp-content\/uploads\/2022\/02\/WCD_22_2-1024x1024.jpg 1024w, https:\/\/www.doctoragibert.com\/wp-content\/uploads\/2022\/02\/WCD_22_2-150x150.jpg 150w, https:\/\/www.doctoragibert.com\/wp-content\/uploads\/2022\/02\/WCD_22_2-768x768.jpg 768w, https:\/\/www.doctoragibert.com\/wp-content\/uploads\/2022\/02\/WCD_22_2-1536x1536.jpg 1536w, https:\/\/www.doctoragibert.com\/wp-content\/uploads\/2022\/02\/WCD_22_2-2048x2048.jpg 2048w\" sizes=\"(max-width: 450px) 100vw, 450px\" \/> La <a href=\"http:\/\/uicc.org\" target=\"_blank\" rel=\"noopener\">UICC<\/a> (Uni\u00f3n Internacional contra el C\u00e1ncer) apoya, <strong>cada 4 de febrero<\/strong>, la iniciativa del <strong>D\u00eda Mundial contra el C\u00e1ncer<\/strong> o World Cancer Day, como forma de luchar contra el c\u00e1ncer y sus consecuencias:<\/p>\n<ul>\n<li>Porque m\u00e1s de una tercera parte de c\u00e1nceres se pueden <strong>prevenir<\/strong> y otro tercio se pueden <strong>curar<\/strong>, si se detectan de forma temprana y se tratan adecuadamente.<\/li>\n<li>Porque cada vez conocemos m\u00e1s sobre el c\u00e1ncer y mayor progreso podemos alcanzar en forma de reducci\u00f3n de factores de riesgo, mejores prevenci\u00f3n, diagn\u00f3stico y tratamiento.<\/li>\n<li>Porque, <strong>si llegamos a los 85 a\u00f1os, la mitad de los hombres y una tercera parte de las mujeres habremos sufrido un c\u00e1ncer<\/strong>.<\/li>\n<li>Porque hablar del c\u00e1ncer es derribar <strong>tab\u00faes<\/strong>, reducir temores, destruir mitos y cambiar actitudes.<\/li>\n<li>Porque el c\u00e1ncer ha dejado de ser sin\u00f3nimo de muerte hace tiempo.<\/li>\n<li>Porque no todos tenemos las mismas oportunidades de curaci\u00f3n: 65% de las muertes mundiales ocurren en los pa\u00edses menos desarrollados e, incluso, en un pa\u00eds rico, las posibilidades de sobrevivir son inferiores entre los que tienen menos ingresos, inmigrantes, refugiados, habitantes de zonas rurales, transg\u00e9nero, mayores&#8230;<\/li>\n<\/ul>\n<p>De este \u00faltimo hecho parte el lema de este a\u00f1o: <strong>\u00abClose the care gap\u00bb<\/strong>, en ingl\u00e9s, que podemos traducir como <strong>\u00abAcaba con la diferencia en la atenci\u00f3n sanitaria\u00bb<\/strong>.<br \/>\nPor tanto, os invitamos a tod@s a que <strong>particip\u00e9is<\/strong> en esta <a href=\"https:\/\/www.worldcancerday.org\/take-action\" target=\"_blank\" rel=\"noopener\">fant\u00e1stica iniciativa<\/a> de muchas maneras: hablando del c\u00e1ncer con vuestra familia y compa\u00f1eros, mediante las redes sociales, contando vuestra experiencia, si est\u00e1is o hab\u00e9is estado enfermos, o participando en actividades realizadas por otras personas. Todo suma.<br \/>\nM\u00e1s info <a href=\"https:\/\/seom.org\/images\/seomcms\/stories\/recursos\/NdP_Dia_Mundial_Cancer_2022.pdf\" target=\"_blank\" rel=\"noopener\">aqu\u00ed<\/a>.<\/p>\n","protected":false},"excerpt":{"rendered":"<p>La UICC (Uni\u00f3n Internacional contra el C\u00e1ncer) apoya, cada 4 de febrero, la iniciativa del D\u00eda Mundial contra el C\u00e1ncer o World Cancer Day, como forma de luchar contra el c\u00e1ncer y sus consecuencias: Porque m\u00e1s de una tercera parte de c\u00e1nceres se pueden prevenir y otro tercio se pueden curar, si se detectan de [&hellip;]<\/p>\n","protected":false},"author":12,"featured_media":19429,"comment_status":"closed","ping_status":"closed","sticky":false,"template":"","format":"standard","meta":{"footnotes":""},"categories":[85],"tags":[],"class_list":["post-19426","post","type-post","status-publish","format-standard","has-post-thumbnail","hentry","category-cancer-es"],"yoast_head":"<!-- This site is optimized with the Yoast SEO plugin v25.0 - https:\/\/yoast.com\/wordpress\/plugins\/seo\/ -->\n<title>Cada 4 de febrero: D\u00eda Mundial contra el C\u00e1ncer - DRA. GIBERT<\/title>\n<meta name=\"description\" content=\"4 de febrero es el D\u00eda Mundial Contra el C\u00e1ncer. Este a\u00f1o el lema es &quot;Close the care gap&quot;, esto es, ayudemos a que la prevenci\u00f3n y el tratamiento contra el c\u00e1ncer llegue a todos.\" \/>\n<meta name=\"robots\" content=\"index, follow, max-snippet:-1, max-image-preview:large, max-video-preview:-1\" \/>\n<link rel=\"canonical\" href=\"https:\/\/www.doctoragibert.com\/es\/dia-mundial-contra-cancer-2022\/\" \/>\n<meta property=\"og:locale\" content=\"es_ES\" \/>\n<meta property=\"og:type\" content=\"article\" \/>\n<meta property=\"og:title\" content=\"Cada 4 de febrero: D\u00eda Mundial contra el C\u00e1ncer - DRA. GIBERT\" \/>\n<meta property=\"og:description\" content=\"4 de febrero es el D\u00eda Mundial Contra el C\u00e1ncer. Este a\u00f1o el lema es &quot;Close the care gap&quot;, esto es, ayudemos a que la prevenci\u00f3n y el tratamiento contra el c\u00e1ncer llegue a todos.\" \/>\n<meta property=\"og:url\" content=\"https:\/\/www.doctoragibert.com\/es\/dia-mundial-contra-cancer-2022\/\" \/>\n<meta property=\"og:site_name\" content=\"DRA. GIBERT\" \/>\n<meta property=\"article:publisher\" content=\"https:\/\/www.facebook.com\/doctoragibert\" \/>\n<meta property=\"article:published_time\" content=\"2022-02-04T01:12:06+00:00\" \/>\n<meta property=\"article:modified_time\" content=\"2022-02-19T23:41:00+00:00\" \/>\n<meta property=\"og:image\" content=\"https:\/\/www.doctoragibert.com\/wp-content\/uploads\/2022\/02\/WCD_22_2.jpg\" \/>\n\t<meta property=\"og:image:width\" content=\"2479\" \/>\n\t<meta property=\"og:image:height\" content=\"2479\" \/>\n\t<meta property=\"og:image:type\" content=\"image\/jpeg\" \/>\n<meta name=\"author\" content=\"Dra. MJ Gibert\" \/>\n<meta name=\"twitter:label1\" content=\"Escrito por\" \/>\n\t<meta name=\"twitter:data1\" content=\"Dra. MJ Gibert\" \/>\n\t<meta name=\"twitter:label2\" content=\"Tiempo de lectura\" \/>\n\t<meta name=\"twitter:data2\" content=\"2 minutos\" \/>\n<script type=\"application\/ld+json\" class=\"yoast-schema-graph\">{\"@context\":\"https:\/\/schema.org\",\"@graph\":[{\"@type\":\"WebPage\",\"@id\":\"https:\/\/www.doctoragibert.com\/es\/dia-mundial-contra-cancer-2022\/\",\"url\":\"https:\/\/www.doctoragibert.com\/es\/dia-mundial-contra-cancer-2022\/\",\"name\":\"Cada 4 de febrero: D\u00eda Mundial contra el C\u00e1ncer - DRA. GIBERT\",\"isPartOf\":{\"@id\":\"https:\/\/www.doctoragibert.com\/es\/#website\"},\"primaryImageOfPage\":{\"@id\":\"https:\/\/www.doctoragibert.com\/es\/dia-mundial-contra-cancer-2022\/#primaryimage\"},\"image\":{\"@id\":\"https:\/\/www.doctoragibert.com\/es\/dia-mundial-contra-cancer-2022\/#primaryimage\"},\"thumbnailUrl\":\"https:\/\/www.doctoragibert.com\/wp-content\/uploads\/2022\/02\/WCD_22_2.jpg\",\"datePublished\":\"2022-02-04T01:12:06+00:00\",\"dateModified\":\"2022-02-19T23:41:00+00:00\",\"author\":{\"@id\":\"https:\/\/www.doctoragibert.com\/es\/#\/schema\/person\/1e6d879351dc4368d77d6731c050bce3\"},\"description\":\"4 de febrero es el D\u00eda Mundial Contra el C\u00e1ncer. Este a\u00f1o el lema es \\\"Close the care gap\\\", esto es, ayudemos a que la prevenci\u00f3n y el tratamiento contra el c\u00e1ncer llegue a todos.\",\"inLanguage\":\"es\",\"potentialAction\":[{\"@type\":\"ReadAction\",\"target\":[\"https:\/\/www.doctoragibert.com\/es\/dia-mundial-contra-cancer-2022\/\"]}]},{\"@type\":\"ImageObject\",\"inLanguage\":\"es\",\"@id\":\"https:\/\/www.doctoragibert.com\/es\/dia-mundial-contra-cancer-2022\/#primaryimage\",\"url\":\"https:\/\/www.doctoragibert.com\/wp-content\/uploads\/2022\/02\/WCD_22_2.jpg\",\"contentUrl\":\"https:\/\/www.doctoragibert.com\/wp-content\/uploads\/2022\/02\/WCD_22_2.jpg\",\"width\":2479,\"height\":2479},{\"@type\":\"WebSite\",\"@id\":\"https:\/\/www.doctoragibert.com\/es\/#website\",\"url\":\"https:\/\/www.doctoragibert.com\/es\/\",\"name\":\"DRA. GIBERT\",\"description\":\"Ginecologia i obstetricia\",\"potentialAction\":[{\"@type\":\"SearchAction\",\"target\":{\"@type\":\"EntryPoint\",\"urlTemplate\":\"https:\/\/www.doctoragibert.com\/es\/?s={search_term_string}\"},\"query-input\":{\"@type\":\"PropertyValueSpecification\",\"valueRequired\":true,\"valueName\":\"search_term_string\"}}],\"inLanguage\":\"es\"},{\"@type\":\"Person\",\"@id\":\"https:\/\/www.doctoragibert.com\/es\/#\/schema\/person\/1e6d879351dc4368d77d6731c050bce3\",\"name\":\"Dra. MJ Gibert\",\"sameAs\":[\"https:\/\/www.doctoragibert.com\"],\"url\":\"https:\/\/www.doctoragibert.com\/es\/author\/dra-mj-gibert\/\"}]}<\/script>\n<!-- \/ Yoast SEO plugin. -->","yoast_head_json":{"title":"Cada 4 de febrero: D\u00eda Mundial contra el C\u00e1ncer - DRA. GIBERT","description":"4 de febrero es el D\u00eda Mundial Contra el C\u00e1ncer. Este a\u00f1o el lema es \"Close the care gap\", esto es, ayudemos a que la prevenci\u00f3n y el tratamiento contra el c\u00e1ncer llegue a todos.","robots":{"index":"index","follow":"follow","max-snippet":"max-snippet:-1","max-image-preview":"max-image-preview:large","max-video-preview":"max-video-preview:-1"},"canonical":"https:\/\/www.doctoragibert.com\/es\/dia-mundial-contra-cancer-2022\/","og_locale":"es_ES","og_type":"article","og_title":"Cada 4 de febrero: D\u00eda Mundial contra el C\u00e1ncer - DRA. GIBERT","og_description":"4 de febrero es el D\u00eda Mundial Contra el C\u00e1ncer. Este a\u00f1o el lema es \"Close the care gap\", esto es, ayudemos a que la prevenci\u00f3n y el tratamiento contra el c\u00e1ncer llegue a todos.","og_url":"https:\/\/www.doctoragibert.com\/es\/dia-mundial-contra-cancer-2022\/","og_site_name":"DRA. GIBERT","article_publisher":"https:\/\/www.facebook.com\/doctoragibert","article_published_time":"2022-02-04T01:12:06+00:00","article_modified_time":"2022-02-19T23:41:00+00:00","og_image":[{"width":2479,"height":2479,"url":"https:\/\/www.doctoragibert.com\/wp-content\/uploads\/2022\/02\/WCD_22_2.jpg","type":"image\/jpeg"}],"author":"Dra. MJ Gibert","twitter_misc":{"Escrito por":"Dra. MJ Gibert","Tiempo de lectura":"2 minutos"},"schema":{"@context":"https:\/\/schema.org","@graph":[{"@type":"WebPage","@id":"https:\/\/www.doctoragibert.com\/es\/dia-mundial-contra-cancer-2022\/","url":"https:\/\/www.doctoragibert.com\/es\/dia-mundial-contra-cancer-2022\/","name":"Cada 4 de febrero: D\u00eda Mundial contra el C\u00e1ncer - DRA. GIBERT","isPartOf":{"@id":"https:\/\/www.doctoragibert.com\/es\/#website"},"primaryImageOfPage":{"@id":"https:\/\/www.doctoragibert.com\/es\/dia-mundial-contra-cancer-2022\/#primaryimage"},"image":{"@id":"https:\/\/www.doctoragibert.com\/es\/dia-mundial-contra-cancer-2022\/#primaryimage"},"thumbnailUrl":"https:\/\/www.doctoragibert.com\/wp-content\/uploads\/2022\/02\/WCD_22_2.jpg","datePublished":"2022-02-04T01:12:06+00:00","dateModified":"2022-02-19T23:41:00+00:00","author":{"@id":"https:\/\/www.doctoragibert.com\/es\/#\/schema\/person\/1e6d879351dc4368d77d6731c050bce3"},"description":"4 de febrero es el D\u00eda Mundial Contra el C\u00e1ncer. Este a\u00f1o el lema es \"Close the care gap\", esto es, ayudemos a que la prevenci\u00f3n y el tratamiento contra el c\u00e1ncer llegue a todos.","inLanguage":"es","potentialAction":[{"@type":"ReadAction","target":["https:\/\/www.doctoragibert.com\/es\/dia-mundial-contra-cancer-2022\/"]}]},{"@type":"ImageObject","inLanguage":"es","@id":"https:\/\/www.doctoragibert.com\/es\/dia-mundial-contra-cancer-2022\/#primaryimage","url":"https:\/\/www.doctoragibert.com\/wp-content\/uploads\/2022\/02\/WCD_22_2.jpg","contentUrl":"https:\/\/www.doctoragibert.com\/wp-content\/uploads\/2022\/02\/WCD_22_2.jpg","width":2479,"height":2479},{"@type":"WebSite","@id":"https:\/\/www.doctoragibert.com\/es\/#website","url":"https:\/\/www.doctoragibert.com\/es\/","name":"DRA. GIBERT","description":"Ginecologia i obstetricia","potentialAction":[{"@type":"SearchAction","target":{"@type":"EntryPoint","urlTemplate":"https:\/\/www.doctoragibert.com\/es\/?s={search_term_string}"},"query-input":{"@type":"PropertyValueSpecification","valueRequired":true,"valueName":"search_term_string"}}],"inLanguage":"es"},{"@type":"Person","@id":"https:\/\/www.doctoragibert.com\/es\/#\/schema\/person\/1e6d879351dc4368d77d6731c050bce3","name":"Dra. MJ Gibert","sameAs":["https:\/\/www.doctoragibert.com"],"url":"https:\/\/www.doctoragibert.com\/es\/author\/dra-mj-gibert\/"}]}},"_links":{"self":[{"href":"https:\/\/www.doctoragibert.com\/es\/wp-json\/wp\/v2\/posts\/19426","targetHints":{"allow":["GET"]}}],"collection":[{"href":"https:\/\/www.doctoragibert.com\/es\/wp-json\/wp\/v2\/posts"}],"about":[{"href":"https:\/\/www.doctoragibert.com\/es\/wp-json\/wp\/v2\/types\/post"}],"author":[{"embeddable":true,"href":"https:\/\/www.doctoragibert.com\/es\/wp-json\/wp\/v2\/users\/12"}],"replies":[{"embeddable":true,"href":"https:\/\/www.doctoragibert.com\/es\/wp-json\/wp\/v2\/comments?post=19426"}],"version-history":[{"count":5,"href":"https:\/\/www.doctoragibert.com\/es\/wp-json\/wp\/v2\/posts\/19426\/revisions"}],"predecessor-version":[{"id":19453,"href":"https:\/\/www.doctoragibert.com\/es\/wp-json\/wp\/v2\/posts\/19426\/revisions\/19453"}],"wp:featuredmedia":[{"embeddable":true,"href":"https:\/\/www.doctoragibert.com\/es\/wp-json\/wp\/v2\/media\/19429"}],"wp:attachment":[{"href":"https:\/\/www.doctoragibert.com\/es\/wp-json\/wp\/v2\/media?parent=19426"}],"wp:term":[{"taxonomy":"category","embeddable":true,"href":"https:\/\/www.doctoragibert.com\/es\/wp-json\/wp\/v2\/categories?post=19426"},{"taxonomy":"post_tag","embeddable":true,"href":"https:\/\/www.doctoragibert.com\/es\/wp-json\/wp\/v2\/tags?post=19426"}],"curies":[{"name":"wp","href":"https:\/\/api.w.org\/{rel}","templated":true}]}}