{"id":20736,"date":"2022-10-18T18:48:33","date_gmt":"2022-10-18T18:48:33","guid":{"rendered":"https:\/\/www.doctoragibert.com\/el-19-doctubre-es-el-dia-mundial-del-cancer-de-mama\/"},"modified":"2022-10-18T20:10:23","modified_gmt":"2022-10-18T20:10:23","slug":"19-doctubre-dia-mundial-cancer-mama","status":"publish","type":"post","link":"https:\/\/www.doctoragibert.com\/es\/19-doctubre-dia-mundial-cancer-mama\/","title":{"rendered":"El 19 de octubre es el D\u00eda Mundial del C\u00e1ncer de Mama"},"content":{"rendered":"<p><img fetchpriority=\"high\" decoding=\"async\" class=\"wp-image-20729 alignleft\" src=\"https:\/\/www.doctoragibert.com\/wp-content\/uploads\/2022\/10\/pexels-photo-6246853.jpeg\" alt=\"\" width=\"261\" height=\"392\" \/>El 19 de octubre es el <strong>D\u00eda Mundial del C\u00e1ncer de Mama<\/strong> y todo octubre es el Mes de Sensibilizaci\u00f3n. Una ocasi\u00f3n para lucir el lazo rosa y crear conciencia de la importancia de su <strong>diagn\u00f3stico precoz<\/strong> y de su alt\u00edsima supervivencia si se detecta a tiempo.<\/p>\n<p>La resonancia que tiene esta conmemoraci\u00f3n obedece a que e<strong>ste c\u00e1ncer el es m\u00e1s com\u00fan y el que causa m\u00e1s muertes en las mujeres de todo el mundo.<\/strong> S\u00f3lo en Baleares hay unos 600 casos nuevos al a\u00f1o y en toda Espa\u00f1a casi 35.000. No en vano decimos que <strong>una de cada 8 mujeres lo padeceremos si llegamos a muy mayores.<\/strong><\/p>\n<p>Gracias a estas campa\u00f1as de concienciaci\u00f3n, ya dejamos atr\u00e1s los d\u00edas en que las mujeres consultaban con un c\u00e1ncer de mama ulcerado o ten\u00edan reparo en comunicar a sus familiares que ten\u00edan un bulto en su pecho que iba creciendo. Actualmente, en nuestro entorno, cualquier mujer u hombre que note cambios en sus mamas en forma de bulto o zona densa puede ser atendido de forma preferente.<\/p>\n<p>En cuanto a la autoexploraci\u00f3n mamaria, la hemos dejado de recomendar, pues genera ansiedad y pocos o ning\u00fan beneficio. As\u00ed, vamos pasando de una vigilancia activa a escuchar nuestro cuerpo y consultar si, por casualidad, notamos algo que no es habitual.<\/p>\n<p>&nbsp;<\/p>\n<h2 style=\"text-align: center;\"><span style=\"color: #008080;\">Ser consciente de los cambios en nuestro cuerpo y hacernos mamograf\u00edas cada dos a\u00f1os entre los 50 y los 70 a\u00f1os son las mejores herramientas de diagn\u00f3stico precoz<\/span><\/h2>\n<p>&nbsp;<\/p>\n<p>Otra herramienta muy \u00fatil son <strong>las mamograf\u00edas cada 2 a\u00f1os, entre los 50 y los 70 a\u00f1os<\/strong>. Vuestros m\u00e9dicos de confianza o en el <a href=\"https:\/\/www.caib.es\/sites\/estrategiacancer\/es\/programa_de_deteccio_de_cancer_de_mama\/\" target=\"_blank\" rel=\"noopener\">Programa de Detecci\u00f3n Precoz de C\u00e1ncer de Mama de Balears<\/a> os pueden informar. Como las mamograf\u00edas de detecci\u00f3n precoz se realizan en mujeres que se encuentran bien, <strong>antes de solicitar una nueva mamograf\u00eda, aseg\u00farate que no tienes alguna otra realizada hace menos de 2 a\u00f1os.<\/strong> \u00a1Es importante usar bien los recursos!!<\/p>\n<p>En cuanto a los tratamientos, tenemos la buena noticia de que \u00e9stos van avanzando:<\/p>\n<ul>\n<li>Las t\u00e9cnicas de la <strong>cirug\u00eda pl\u00e1stica<\/strong> permiten reducir el n\u00famero de mastectom\u00edas necesarias.<\/li>\n<li>Las cirug\u00edas <strong>sin cicatrices<\/strong> mejoran mucho el resultado est\u00e9tico de aquellos c\u00e1nceres menos extensos.<\/li>\n<li>La <strong>radioterapia<\/strong> va evolucionando hacia la reducci\u00f3n de los d\u00edas de tratamiento, e incluso una sola sesi\u00f3n, en el caso de la radioterapia intraoperatoria, ala irradiaci\u00f3n parcial e incluso hacia la omisi\u00f3n de la misma en casos seleccionados.<\/li>\n<li>Las <strong>firmas g\u00e9nicas<\/strong> permiten saber si un c\u00e1ncer de mama es m\u00e1s o menos agresivo y, por tanto, nos permiten decidir si podemos evitar la quimioterapia. Cuando no cont\u00e1bamos con ellos, m\u00e1s mujeres la recib\u00edan, ante la duda. Estos avances han permitido simplificar los tratamientos y, por lo tanto, evitar sus efectos indeseados.<\/li>\n<\/ul>\n<p>&nbsp;<\/p>\n<h2 style=\"text-align: center;\"><span style=\"color: #008080;\">Los tratamientos del c\u00e1ncer de mama avanzan hacia mejores resultados est\u00e9ticos, menos sesiones de radioterapia y la selecci\u00f3n de aquellos casos que se beneficiar\u00e1n realmente de la quimioterapia<\/span><\/h2>\n<p>&nbsp;<\/p>\n<p>I no pod\u00edem concloure aquest text sense enviar un missatge de suport a les nostres lluitadores i agrair l&#8217;esfor\u00e7 realitzat a favor seu per <a href=\"http:\/\/aubamallorca.com\/\" target=\"_blank\" rel=\"noopener\">Auba Mallorca<\/a>, integrada dins la <a href=\"http:\/\/www.fecma.org\/\" target=\"_blank\" rel=\"noopener\">FECMA<\/a> o Federaci\u00f3 Espanyola de C\u00e0ncer de Mama, l&#8217;<a href=\"https:\/\/ www.contraelcancer.es\/es?utm_source=google&amp;utm_medium=organic&amp;utm_campaign=myBusiness&amp;utm_term=spBalears\" target=\"_blank\" rel=\"noopener\">Associaci\u00f3 Espanyola contra el C\u00e0ncer Illes Balears<\/a>\u00a0y el novedoso <a href=\"https:\/\/www.projectearkus.org\/\" target=\"_blank\" rel=\"noopener\">Projecte Arkus<\/a> que ofrece el tiro con arco para la mejora del linfedema y de la calidad de vida en aquellas mujerees que han precisado un vaciamiento axilar.<\/p>\n<p>Y no pod\u00edamos concluir este texto sin mandar un mensaje de apoyo a nuestras luchadoras y agradecer el esfuerzo realizado en favor de ellas por <a href=\"http:\/\/aubamallorca.com\/\" target=\"_blank\" rel=\"noopener\">Auba Mallorca<\/a>, integrada dentro de la <a href=\"http:\/\/www.fecma.org\/\" target=\"_blank\" rel=\"noopener\">FECMA<\/a> o Federaci\u00f3n Espa\u00f1ola de C\u00e1ncer de Mama (http:\/\/www.fecma.org\/), la <a href=\"https:\/\/ www.contraelcancer.es\/es?utm_source=google&amp;utm_medium=organic&amp;utm_campaign=myBusiness&amp;utm_term=spBalears\" target=\"_blank\" rel=\"noopener\">Asociaci\u00f3n Espa\u00f1ola contra el C\u00e1ncer Illes Balears<\/a>\u00a0 y el revolucionario <a href=\"https:\/\/www.projectearkus.org\/\" target=\"_blank\" rel=\"noopener\">Projecte Arkus<\/a> que ofrece el tiro con arco para la mejora del linfedema y de la calidad de vida en aquellas mujerees que han precisado un vaciamiento axilar.<\/p>\n<p>\u00bfNecesitas m\u00e1s informaci\u00f3n? Disponemos de una <a href=\"https:\/\/www.doctoragibert.com\/es\/pacientes\/enfermedades-de-la-mama\/\" target=\"_blank\" rel=\"noopener\">secci\u00f3n espec\u00edfica en nuestra web<\/a> y <a href=\"https:\/\/www.doctoragibert.com\/es\/localizacion\/\" target=\"_blank\" rel=\"noopener\">respondemos directamente a vuestras preguntas<\/a>.<\/p>\n<p>&nbsp;<\/p>\n","protected":false},"excerpt":{"rendered":"<p>El 19 d&#8217;octubre \u00e9s el Dia Mundial del C\u00e0ncer de Mama. Una oportunitat per prendre consci\u00e8ncia i difondre la import\u00e0ncia del seu diagn\u00f2stic preco\u00e7, les millores del seu tractament i les associacions que hi treballen per ajudar a les afectades.<\/p>\n","protected":false},"author":12,"featured_media":20730,"comment_status":"closed","ping_status":"closed","sticky":false,"template":"","format":"standard","meta":{"footnotes":""},"categories":[85,95],"tags":[],"class_list":["post-20736","post","type-post","status-publish","format-standard","has-post-thumbnail","hentry","category-cancer-es","category-enfermedadesmama-es"],"yoast_head":"<!-- This site is optimized with the Yoast SEO plugin v25.0 - https:\/\/yoast.com\/wordpress\/plugins\/seo\/ -->\n<title>El 19 de octubre es el D\u00eda Mundial del C\u00e1ncer de Mama - DRA. GIBERT<\/title>\n<meta name=\"robots\" content=\"index, follow, max-snippet:-1, max-image-preview:large, max-video-preview:-1\" \/>\n<link rel=\"canonical\" href=\"https:\/\/www.doctoragibert.com\/es\/19-doctubre-dia-mundial-cancer-mama\/\" \/>\n<meta property=\"og:locale\" content=\"es_ES\" \/>\n<meta property=\"og:type\" content=\"article\" \/>\n<meta property=\"og:title\" content=\"El 19 de octubre es el D\u00eda Mundial del C\u00e1ncer de Mama - DRA. GIBERT\" \/>\n<meta property=\"og:description\" content=\"El 19 d&#039;octubre \u00e9s el Dia Mundial del C\u00e0ncer de Mama. Una oportunitat per prendre consci\u00e8ncia i difondre la import\u00e0ncia del seu diagn\u00f2stic preco\u00e7, les millores del seu tractament i les associacions que hi treballen per ajudar a les afectades.\" \/>\n<meta property=\"og:url\" content=\"https:\/\/www.doctoragibert.com\/es\/19-doctubre-dia-mundial-cancer-mama\/\" \/>\n<meta property=\"og:site_name\" content=\"DRA. GIBERT\" \/>\n<meta property=\"article:publisher\" content=\"https:\/\/www.facebook.com\/doctoragibert\" \/>\n<meta property=\"article:published_time\" content=\"2022-10-18T18:48:33+00:00\" \/>\n<meta property=\"article:modified_time\" content=\"2022-10-18T20:10:23+00:00\" \/>\n<meta property=\"og:image\" content=\"https:\/\/www.doctoragibert.com\/wp-content\/uploads\/2022\/10\/pexels-photo-6246853.jpeg\" \/>\n\t<meta property=\"og:image:width\" content=\"1000\" \/>\n\t<meta property=\"og:image:height\" content=\"1500\" \/>\n\t<meta property=\"og:image:type\" content=\"image\/jpeg\" \/>\n<meta name=\"author\" content=\"Dra. MJ Gibert\" \/>\n<meta name=\"twitter:label1\" content=\"Escrito por\" \/>\n\t<meta name=\"twitter:data1\" content=\"Dra. MJ Gibert\" \/>\n\t<meta name=\"twitter:label2\" content=\"Tiempo de lectura\" \/>\n\t<meta name=\"twitter:data2\" content=\"4 minutos\" \/>\n<script type=\"application\/ld+json\" class=\"yoast-schema-graph\">{\"@context\":\"https:\/\/schema.org\",\"@graph\":[{\"@type\":\"WebPage\",\"@id\":\"https:\/\/www.doctoragibert.com\/es\/19-doctubre-dia-mundial-cancer-mama\/\",\"url\":\"https:\/\/www.doctoragibert.com\/es\/19-doctubre-dia-mundial-cancer-mama\/\",\"name\":\"El 19 de octubre es el D\u00eda Mundial del C\u00e1ncer de Mama - DRA. GIBERT\",\"isPartOf\":{\"@id\":\"https:\/\/www.doctoragibert.com\/es\/#website\"},\"primaryImageOfPage\":{\"@id\":\"https:\/\/www.doctoragibert.com\/es\/19-doctubre-dia-mundial-cancer-mama\/#primaryimage\"},\"image\":{\"@id\":\"https:\/\/www.doctoragibert.com\/es\/19-doctubre-dia-mundial-cancer-mama\/#primaryimage\"},\"thumbnailUrl\":\"https:\/\/www.doctoragibert.com\/wp-content\/uploads\/2022\/10\/pexels-photo-6246853.jpeg\",\"datePublished\":\"2022-10-18T18:48:33+00:00\",\"dateModified\":\"2022-10-18T20:10:23+00:00\",\"author\":{\"@id\":\"https:\/\/www.doctoragibert.com\/es\/#\/schema\/person\/1e6d879351dc4368d77d6731c050bce3\"},\"inLanguage\":\"es\",\"potentialAction\":[{\"@type\":\"ReadAction\",\"target\":[\"https:\/\/www.doctoragibert.com\/es\/19-doctubre-dia-mundial-cancer-mama\/\"]}]},{\"@type\":\"ImageObject\",\"inLanguage\":\"es\",\"@id\":\"https:\/\/www.doctoragibert.com\/es\/19-doctubre-dia-mundial-cancer-mama\/#primaryimage\",\"url\":\"https:\/\/www.doctoragibert.com\/wp-content\/uploads\/2022\/10\/pexels-photo-6246853.jpeg\",\"contentUrl\":\"https:\/\/www.doctoragibert.com\/wp-content\/uploads\/2022\/10\/pexels-photo-6246853.jpeg\",\"width\":1000,\"height\":1500},{\"@type\":\"WebSite\",\"@id\":\"https:\/\/www.doctoragibert.com\/es\/#website\",\"url\":\"https:\/\/www.doctoragibert.com\/es\/\",\"name\":\"DRA. GIBERT\",\"description\":\"Ginecologia i obstetricia\",\"potentialAction\":[{\"@type\":\"SearchAction\",\"target\":{\"@type\":\"EntryPoint\",\"urlTemplate\":\"https:\/\/www.doctoragibert.com\/es\/?s={search_term_string}\"},\"query-input\":{\"@type\":\"PropertyValueSpecification\",\"valueRequired\":true,\"valueName\":\"search_term_string\"}}],\"inLanguage\":\"es\"},{\"@type\":\"Person\",\"@id\":\"https:\/\/www.doctoragibert.com\/es\/#\/schema\/person\/1e6d879351dc4368d77d6731c050bce3\",\"name\":\"Dra. MJ Gibert\",\"sameAs\":[\"https:\/\/www.doctoragibert.com\"],\"url\":\"https:\/\/www.doctoragibert.com\/es\/author\/dra-mj-gibert\/\"}]}<\/script>\n<!-- \/ Yoast SEO plugin. -->","yoast_head_json":{"title":"El 19 de octubre es el D\u00eda Mundial del C\u00e1ncer de Mama - DRA. GIBERT","robots":{"index":"index","follow":"follow","max-snippet":"max-snippet:-1","max-image-preview":"max-image-preview:large","max-video-preview":"max-video-preview:-1"},"canonical":"https:\/\/www.doctoragibert.com\/es\/19-doctubre-dia-mundial-cancer-mama\/","og_locale":"es_ES","og_type":"article","og_title":"El 19 de octubre es el D\u00eda Mundial del C\u00e1ncer de Mama - DRA. GIBERT","og_description":"El 19 d'octubre \u00e9s el Dia Mundial del C\u00e0ncer de Mama. Una oportunitat per prendre consci\u00e8ncia i difondre la import\u00e0ncia del seu diagn\u00f2stic preco\u00e7, les millores del seu tractament i les associacions que hi treballen per ajudar a les afectades.","og_url":"https:\/\/www.doctoragibert.com\/es\/19-doctubre-dia-mundial-cancer-mama\/","og_site_name":"DRA. GIBERT","article_publisher":"https:\/\/www.facebook.com\/doctoragibert","article_published_time":"2022-10-18T18:48:33+00:00","article_modified_time":"2022-10-18T20:10:23+00:00","og_image":[{"width":1000,"height":1500,"url":"https:\/\/www.doctoragibert.com\/wp-content\/uploads\/2022\/10\/pexels-photo-6246853.jpeg","type":"image\/jpeg"}],"author":"Dra. MJ Gibert","twitter_misc":{"Escrito por":"Dra. MJ Gibert","Tiempo de lectura":"4 minutos"},"schema":{"@context":"https:\/\/schema.org","@graph":[{"@type":"WebPage","@id":"https:\/\/www.doctoragibert.com\/es\/19-doctubre-dia-mundial-cancer-mama\/","url":"https:\/\/www.doctoragibert.com\/es\/19-doctubre-dia-mundial-cancer-mama\/","name":"El 19 de octubre es el D\u00eda Mundial del C\u00e1ncer de Mama - DRA. GIBERT","isPartOf":{"@id":"https:\/\/www.doctoragibert.com\/es\/#website"},"primaryImageOfPage":{"@id":"https:\/\/www.doctoragibert.com\/es\/19-doctubre-dia-mundial-cancer-mama\/#primaryimage"},"image":{"@id":"https:\/\/www.doctoragibert.com\/es\/19-doctubre-dia-mundial-cancer-mama\/#primaryimage"},"thumbnailUrl":"https:\/\/www.doctoragibert.com\/wp-content\/uploads\/2022\/10\/pexels-photo-6246853.jpeg","datePublished":"2022-10-18T18:48:33+00:00","dateModified":"2022-10-18T20:10:23+00:00","author":{"@id":"https:\/\/www.doctoragibert.com\/es\/#\/schema\/person\/1e6d879351dc4368d77d6731c050bce3"},"inLanguage":"es","potentialAction":[{"@type":"ReadAction","target":["https:\/\/www.doctoragibert.com\/es\/19-doctubre-dia-mundial-cancer-mama\/"]}]},{"@type":"ImageObject","inLanguage":"es","@id":"https:\/\/www.doctoragibert.com\/es\/19-doctubre-dia-mundial-cancer-mama\/#primaryimage","url":"https:\/\/www.doctoragibert.com\/wp-content\/uploads\/2022\/10\/pexels-photo-6246853.jpeg","contentUrl":"https:\/\/www.doctoragibert.com\/wp-content\/uploads\/2022\/10\/pexels-photo-6246853.jpeg","width":1000,"height":1500},{"@type":"WebSite","@id":"https:\/\/www.doctoragibert.com\/es\/#website","url":"https:\/\/www.doctoragibert.com\/es\/","name":"DRA. GIBERT","description":"Ginecologia i obstetricia","potentialAction":[{"@type":"SearchAction","target":{"@type":"EntryPoint","urlTemplate":"https:\/\/www.doctoragibert.com\/es\/?s={search_term_string}"},"query-input":{"@type":"PropertyValueSpecification","valueRequired":true,"valueName":"search_term_string"}}],"inLanguage":"es"},{"@type":"Person","@id":"https:\/\/www.doctoragibert.com\/es\/#\/schema\/person\/1e6d879351dc4368d77d6731c050bce3","name":"Dra. MJ Gibert","sameAs":["https:\/\/www.doctoragibert.com"],"url":"https:\/\/www.doctoragibert.com\/es\/author\/dra-mj-gibert\/"}]}},"_links":{"self":[{"href":"https:\/\/www.doctoragibert.com\/es\/wp-json\/wp\/v2\/posts\/20736","targetHints":{"allow":["GET"]}}],"collection":[{"href":"https:\/\/www.doctoragibert.com\/es\/wp-json\/wp\/v2\/posts"}],"about":[{"href":"https:\/\/www.doctoragibert.com\/es\/wp-json\/wp\/v2\/types\/post"}],"author":[{"embeddable":true,"href":"https:\/\/www.doctoragibert.com\/es\/wp-json\/wp\/v2\/users\/12"}],"replies":[{"embeddable":true,"href":"https:\/\/www.doctoragibert.com\/es\/wp-json\/wp\/v2\/comments?post=20736"}],"version-history":[{"count":5,"href":"https:\/\/www.doctoragibert.com\/es\/wp-json\/wp\/v2\/posts\/20736\/revisions"}],"predecessor-version":[{"id":20745,"href":"https:\/\/www.doctoragibert.com\/es\/wp-json\/wp\/v2\/posts\/20736\/revisions\/20745"}],"wp:featuredmedia":[{"embeddable":true,"href":"https:\/\/www.doctoragibert.com\/es\/wp-json\/wp\/v2\/media\/20730"}],"wp:attachment":[{"href":"https:\/\/www.doctoragibert.com\/es\/wp-json\/wp\/v2\/media?parent=20736"}],"wp:term":[{"taxonomy":"category","embeddable":true,"href":"https:\/\/www.doctoragibert.com\/es\/wp-json\/wp\/v2\/categories?post=20736"},{"taxonomy":"post_tag","embeddable":true,"href":"https:\/\/www.doctoragibert.com\/es\/wp-json\/wp\/v2\/tags?post=20736"}],"curies":[{"name":"wp","href":"https:\/\/api.w.org\/{rel}","templated":true}]}}